{"id":5540,"date":"2020-09-05T13:43:54","date_gmt":"2020-09-05T12:43:54","guid":{"rendered":"https:\/\/dikcg.me\/wpold\/?p=5540"},"modified":"2021-12-17T10:01:03","modified_gmt":"2021-12-17T09:01:03","slug":"odbijen-prigovor-liberalne-partije-crne-gore-oo-kotor","status":"publish","type":"post","link":"https:\/\/dikcg.me\/wpold\/odbijen-prigovor-liberalne-partije-crne-gore-oo-kotor\/","title":{"rendered":"Odbijen Prigovor Liberalne partije Crne Gore OO Kotor"},"content":{"rendered":"<p>Na osnovu \u010dlana 109 Zakona o izboru odbornika i poslanika (&#8220;Slu\u017ebeni list RCG&#8221;, br. 4\/98, 5\/98, 17\/98, 14\/00, 18\/00, 9\/01, 41\/02, 46\/02, 45\/04, 48\/06, 56\/06 i \u201cSlu\u017ebeni list CG\u201d, broj 46\/11, 14\/14, 47\/14,12\/16, 60\/17 i 10\/18), Dr\u017eavna izborna komisija, odlu\u010duju\u0107i o Prigovoru Liberalne partije Crne Gore OO Kotor broj 719 od 04.09.2020.godine, koji je podnio Vido Dra\u0161kovi\u0107 u 12:20 sati, izjavljen na rje\u0161enje OIK Kotor broj 02-22\/20-155 od 31.08.2020.godine, na sjednici odr\u017eanoj 05.09.2020. godine u 11 sati, donijela je<\/p>\n<p style=\"text-align: center;\"><a href=\"https:\/\/dikcg.me\/wpold\/wp-content\/uploads\/2020\/09\/Rje\u0161enje-LP-Kotor.pdf\"><strong>R J E \u0160 E NJ E<\/strong><\/a><\/p>\n<p><strong>Odbija se<\/strong> Prigovor Liberalne partije Crne Gore OO Kotor broj 719 od 4.09.2020.godine, koji je podnio Vido Dra\u0161kovi\u0107 u 12:20 sati, izjavljen na rje\u0161enje OIK Kotor broj 02-22\/20-155 od 31.08.2020.godine, kao <strong>neosnovan.<\/strong><\/p>\n","protected":false},"excerpt":{"rendered":"Na osnovu \u010dlana 109 Zakona o izboru odbornika i poslanika (&#8220;Slu\u017ebeni list RCG&#8221;, br. 4\/98, 5\/98, 17\/98, 14\/00, 18\/00, 9\/01, 41\/02, 46\/02, 45\/04, 48\/06, 56\/06 i \u201cSlu\u017ebeni list CG\u201d, broj 46\/11, 14\/14, 47\/14,12\/16, 60\/17 i 10\/18), Dr\u017eavna izborna komisija, odlu\u010duju\u0107i o Prigovoru Liberalne partije Crne Gore OO Kotor broj 719 od 04.09.2020.godine, koji je podnio&#8230; <a href=\"https:\/\/dikcg.me\/wpold\/odbijen-prigovor-liberalne-partije-crne-gore-oo-kotor\/\">Read more <i class=\"fas fa-angle-right\"><\/i><\/a>","protected":false},"author":56,"featured_media":0,"comment_status":"closed","ping_status":"closed","sticky":false,"template":"","format":"standard","meta":{"footnotes":""},"categories":[17],"tags":[242],"_links":{"self":[{"href":"https:\/\/dikcg.me\/wpold\/wp-json\/wp\/v2\/posts\/5540"}],"collection":[{"href":"https:\/\/dikcg.me\/wpold\/wp-json\/wp\/v2\/posts"}],"about":[{"href":"https:\/\/dikcg.me\/wpold\/wp-json\/wp\/v2\/types\/post"}],"author":[{"embeddable":true,"href":"https:\/\/dikcg.me\/wpold\/wp-json\/wp\/v2\/users\/56"}],"replies":[{"embeddable":true,"href":"https:\/\/dikcg.me\/wpold\/wp-json\/wp\/v2\/comments?post=5540"}],"version-history":[{"count":2,"href":"https:\/\/dikcg.me\/wpold\/wp-json\/wp\/v2\/posts\/5540\/revisions"}],"predecessor-version":[{"id":5789,"href":"https:\/\/dikcg.me\/wpold\/wp-json\/wp\/v2\/posts\/5540\/revisions\/5789"}],"wp:attachment":[{"href":"https:\/\/dikcg.me\/wpold\/wp-json\/wp\/v2\/media?parent=5540"}],"wp:term":[{"taxonomy":"category","embeddable":true,"href":"https:\/\/dikcg.me\/wpold\/wp-json\/wp\/v2\/categories?post=5540"},{"taxonomy":"post_tag","embeddable":true,"href":"https:\/\/dikcg.me\/wpold\/wp-json\/wp\/v2\/tags?post=5540"}],"curies":[{"name":"wp","href":"https:\/\/api.w.org\/{rel}","templated":true}]}}