{"id":5495,"date":"2020-09-03T09:43:30","date_gmt":"2020-09-03T08:43:30","guid":{"rendered":"https:\/\/dikcg.me\/wpold\/?p=5495"},"modified":"2022-06-27T08:41:53","modified_gmt":"2022-06-27T07:41:53","slug":"zapisnik-sa-143-sjednice","status":"publish","type":"post","link":"https:\/\/dikcg.me\/wpold\/zapisnik-sa-143-sjednice\/","title":{"rendered":"Zapisnik sa 143. sjednice"},"content":{"rendered":"<p><strong><u>Ad \u2013 1<\/u><\/strong><br \/>\nKomisija je jednoglasno usvojila zapisnik sa 142. sjednice.<\/p>\n<p><strong><u>Ad \u2013 2<\/u><\/strong><br \/>\nKomisija je jednoglasno usvojila zapisnike i izvje\u0161taje o rezultatima glasanja za poslanike u Skup\u0161tinu Crne Gore na bira\u010dkim mjestima i Upravi za izvr\u0161enje krivi\u010dnih sankcija na izborima odr\u017eanim 30.08.2020. godine.<\/p>\n<p><strong><u>Ad \u2013 3<\/u><\/strong><br \/>\nPredsjednik je dao pauzu do dostavljanja zapisnika i izvje\u0161taja op\u0161tinskih izbornih komisija o rezultatima glasanja za poslanike u Skup\u0161tini Crne Gore, nakon \u010dega \u0107e se pristupiti utvr\u0111ivanju privremenih rezultata izbora.<br \/>\nSjednica Komisije prekinuta je u 11 sati.<\/p>\n<p><strong>Sjednica je nastavljena u 22:30.<\/strong><\/p>\n<p>Utvr\u0111eno je da nastavku sjednice prisustvuje 19 \u010dlanova Komisije.<\/p>\n<p>Dnevni red pro\u0161iren je ta\u010dkom Utvr\u0111ivanje privremenih rezultata izbora za izbor poslanika u Skup\u0161tinu Crne Gore.<\/p>\n<p>Uvidom u dokumentaciju koje su dostavile op\u0161tinske izborne komisije konstatovano je da nedostaje dio dokumentacije iz op\u0161tinskih izbornih komisija Andrijevica, \u0160avnik i Ulcinj.\u00a0 \u010clanovi Komisije saglasili su se da ova konstatacija bude unijeta i u aktu Privremeni rezultati izbora za izbor poslanika u Skup\u0161tinu Crne Gore. Komisija je nakon toga utvrdila privremene rezultate izbora za izbor poslanika u Skup\u0161tinu Crne Gore.<\/p>\n","protected":false},"excerpt":{"rendered":"Ad \u2013 1 Komisija je jednoglasno usvojila zapisnik sa 142. sjednice. Ad \u2013 2 Komisija je jednoglasno usvojila zapisnike i izvje\u0161taje o rezultatima glasanja za poslanike u Skup\u0161tinu Crne Gore na bira\u010dkim mjestima i Upravi za izvr\u0161enje krivi\u010dnih sankcija na izborima odr\u017eanim 30.08.2020. godine. Ad \u2013 3 Predsjednik je dao pauzu do dostavljanja zapisnika i&#8230; <a href=\"https:\/\/dikcg.me\/wpold\/zapisnik-sa-143-sjednice\/\">Read more <i class=\"fas fa-angle-right\"><\/i><\/a>","protected":false},"author":56,"featured_media":0,"comment_status":"closed","ping_status":"closed","sticky":false,"template":"","format":"standard","meta":{"footnotes":""},"categories":[18],"tags":[247],"_links":{"self":[{"href":"https:\/\/dikcg.me\/wpold\/wp-json\/wp\/v2\/posts\/5495"}],"collection":[{"href":"https:\/\/dikcg.me\/wpold\/wp-json\/wp\/v2\/posts"}],"about":[{"href":"https:\/\/dikcg.me\/wpold\/wp-json\/wp\/v2\/types\/post"}],"author":[{"embeddable":true,"href":"https:\/\/dikcg.me\/wpold\/wp-json\/wp\/v2\/users\/56"}],"replies":[{"embeddable":true,"href":"https:\/\/dikcg.me\/wpold\/wp-json\/wp\/v2\/comments?post=5495"}],"version-history":[{"count":3,"href":"https:\/\/dikcg.me\/wpold\/wp-json\/wp\/v2\/posts\/5495\/revisions"}],"predecessor-version":[{"id":5499,"href":"https:\/\/dikcg.me\/wpold\/wp-json\/wp\/v2\/posts\/5495\/revisions\/5499"}],"wp:attachment":[{"href":"https:\/\/dikcg.me\/wpold\/wp-json\/wp\/v2\/media?parent=5495"}],"wp:term":[{"taxonomy":"category","embeddable":true,"href":"https:\/\/dikcg.me\/wpold\/wp-json\/wp\/v2\/categories?post=5495"},{"taxonomy":"post_tag","embeddable":true,"href":"https:\/\/dikcg.me\/wpold\/wp-json\/wp\/v2\/tags?post=5495"}],"curies":[{"name":"wp","href":"https:\/\/api.w.org\/{rel}","templated":true}]}}