{"id":5467,"date":"2020-08-31T09:38:22","date_gmt":"2020-08-31T08:38:22","guid":{"rendered":"https:\/\/dikcg.me\/wpold\/?p=5467"},"modified":"2022-06-27T08:42:00","modified_gmt":"2022-06-27T07:42:00","slug":"zapisnik-sa-142-sjednice","status":"publish","type":"post","link":"https:\/\/dikcg.me\/wpold\/zapisnik-sa-142-sjednice\/","title":{"rendered":"Zapisnik sa 142. sjednice"},"content":{"rendered":"<p><strong><u>Ad \u2013 1<\/u><\/strong><br \/>\nKomisija je ve\u0107inom glasova usvojila zapisnik sa 141. sjednice.<\/p>\n<p><strong><u>Ad \u2013 2<\/u><\/strong><br \/>\nKomisija je na\u010delno dogovorila plan rada za dan izbora, a utvr\u0111eno je da \u0107e Komisija odr\u017eavati konferencije za medije u Plavom salonu Skup\u0161tine Crne Gore 30. avgusta u 8:30, 11, 14, 17, 20:30, 23 sata, a po potrebi 31. avgusta u 1 sat.<\/p>\n<p><strong><u>Ad \u2013 3<\/u><\/strong><br \/>\nNakon \u0161to je razmotrila zahtjev Izborne komisije Glavnog grada Podgorica za poja\u0161njenjem mi\u0161ljenja, Komisija je dala mi\u0161ljenje \u010diji je tekst sastavni dio ovog zapisnika.<\/p>\n<p><strong><u>Ad \u2013 4<\/u><\/strong><br \/>\nKomisija je razmotrila dopis OIK Berane broj 621 i zaklju\u010dila da bira\u010dki odbor u skladu sa Zakonom i Pravilima o glasanju putem pisma cijeni opravdanost svakog zahtjeva za glasanje putem pisma i da uz zahtjev nije potrebno dostaviti dodatnu dokumentaciju.<\/p>\n<p><strong><u>Ad \u2013 5<\/u><\/strong><br \/>\nKomisija je ve\u0107inom glasova odbila Inicijativu za stavljanje van snage odluke Dr\u017eavne izborne komisije o zamjeni \u0161est glasa\u010dkih listi\u0107a u Beranama sa glasa\u010dkim listi\u0107ima iz rezerve, koju je podnijela NVO \u201eCentar za gra\u0111ansko obrazovanje\u201c.<br \/>\nOpunomo\u0107eni predstavnik izborne liste \u201eCrno na bijelo\u201c obrazlo\u017eio je Inicijativu o izmjeni Odluke o utvr\u0111ivanju naknade \u010dlanovima Dr\u017eavne izborne komisije. Komisija je ve\u0107inom glasila odbila Inicijativu.<br \/>\nKomisija je upoznata sa sadr\u017eajem Protestne note izvr\u0161ne direktorke \u201eCentar za gra\u0111ansko obrazovanje\u201c Daliborke Uljarevi\u0107 u vezi izlaganja \u010dlanova Komisije na prethodnoj sjednici. Na predlog predsjednika, Komisija je prihvatila da se o protestnoj noti izjasni nakon okon\u010danja izbornog procesa.<br \/>\nKomisija se upoznala sa Privremenim izvje\u0161tajem NVO \u201eCentar za monitoring i istra\u017eivanje\u201c.<\/p>\n","protected":false},"excerpt":{"rendered":"Ad \u2013 1 Komisija je ve\u0107inom glasova usvojila zapisnik sa 141. sjednice. Ad \u2013 2 Komisija je na\u010delno dogovorila plan rada za dan izbora, a utvr\u0111eno je da \u0107e Komisija odr\u017eavati konferencije za medije u Plavom salonu Skup\u0161tine Crne Gore 30. avgusta u 8:30, 11, 14, 17, 20:30, 23 sata, a po potrebi 31. avgusta&#8230; <a href=\"https:\/\/dikcg.me\/wpold\/zapisnik-sa-142-sjednice\/\">Read more <i class=\"fas fa-angle-right\"><\/i><\/a>","protected":false},"author":56,"featured_media":0,"comment_status":"closed","ping_status":"closed","sticky":false,"template":"","format":"standard","meta":{"footnotes":""},"categories":[18],"tags":[247],"_links":{"self":[{"href":"https:\/\/dikcg.me\/wpold\/wp-json\/wp\/v2\/posts\/5467"}],"collection":[{"href":"https:\/\/dikcg.me\/wpold\/wp-json\/wp\/v2\/posts"}],"about":[{"href":"https:\/\/dikcg.me\/wpold\/wp-json\/wp\/v2\/types\/post"}],"author":[{"embeddable":true,"href":"https:\/\/dikcg.me\/wpold\/wp-json\/wp\/v2\/users\/56"}],"replies":[{"embeddable":true,"href":"https:\/\/dikcg.me\/wpold\/wp-json\/wp\/v2\/comments?post=5467"}],"version-history":[{"count":1,"href":"https:\/\/dikcg.me\/wpold\/wp-json\/wp\/v2\/posts\/5467\/revisions"}],"predecessor-version":[{"id":5470,"href":"https:\/\/dikcg.me\/wpold\/wp-json\/wp\/v2\/posts\/5467\/revisions\/5470"}],"wp:attachment":[{"href":"https:\/\/dikcg.me\/wpold\/wp-json\/wp\/v2\/media?parent=5467"}],"wp:term":[{"taxonomy":"category","embeddable":true,"href":"https:\/\/dikcg.me\/wpold\/wp-json\/wp\/v2\/categories?post=5467"},{"taxonomy":"post_tag","embeddable":true,"href":"https:\/\/dikcg.me\/wpold\/wp-json\/wp\/v2\/tags?post=5467"}],"curies":[{"name":"wp","href":"https:\/\/api.w.org\/{rel}","templated":true}]}}