{"id":5286,"date":"2020-08-21T11:17:49","date_gmt":"2020-08-21T10:17:49","guid":{"rendered":"https:\/\/dikcg.me\/wpold\/?p=5286"},"modified":"2022-06-27T08:42:43","modified_gmt":"2022-06-27T07:42:43","slug":"zapisnik-sa-137-sjednice","status":"publish","type":"post","link":"https:\/\/dikcg.me\/wpold\/zapisnik-sa-137-sjednice\/","title":{"rendered":"Zapisnik sa 137. sjednice"},"content":{"rendered":"<p><strong><u>Ad \u2013 1<\/u><\/strong><br \/>\nKomisija je ve\u0107inom glasova usvojila zapisnik sa 136. sjednice.<\/p>\n<p><strong><u>Ad \u2013 2<\/u><\/strong><br \/>\nKomisija je usvojila Odluku o broju glasa\u010dkih listi\u0107a i broju rezervnih listi\u0107a za sprovo\u0111enje izbora za izbor poslanika u Skup\u0161tinu Crne Gore, koji \u0107e se odr\u017eati 30. avgusta 2020. godine. Glasa\u010dki listi\u0107i bi\u0107e \u0161tampani latini\u010dnim pismom, a Komisija se saglasila sa principom da u cilju afirmacije ravnopravnosti \u0107irili\u010dnog i latini\u010dnog pisma, glasa\u010dki listi\u0107i budu \u0161tampani naizmjeni\u010dno \u0107irili\u010dnim i latini\u010dnim pismom u budu\u0107im izbornim ciklusima.<\/p>\n<p><strong><u>Ad \u2013 3<\/u><\/strong><br \/>\nKomisija je odlo\u017eila davanje mi\u0161ljenje po zahtjevu Izborne komisije Prijestonice Cetinje broj 512 od 20.08.2020.godine do dostavljanja zapisnika koji \u0107e biti verifikovan na sjednici Izborne komisije Prijestonice Cetinje kako bi Komisija imala potpune i zvani\u010dne informacije relevantne za davanje mi\u0161ljenja.<\/p>\n<p><strong><u>Ad \u2013 4<\/u><\/strong><br \/>\nPredsjednik je informisao \u010dlanove da \u0107e \u0161tampanje glasa\u010dkih listi\u0107a za izbor poslanika u Skup\u0161tinu Crne Gore na izborima koji \u0107e se odr\u017eati 30. avgusta 2020. godine, po\u010deti 22. avgusta 2020. godine u \u0160tampariji Merkator International DOO Bijelo Polje. Planirano je da \u0161tampanje po\u010dne u 7 sati a Komisija \u0107e u Bijelom Polju odr\u017eati sjednicu.<\/p>\n","protected":false},"excerpt":{"rendered":"Ad \u2013 1 Komisija je ve\u0107inom glasova usvojila zapisnik sa 136. sjednice. Ad \u2013 2 Komisija je usvojila Odluku o broju glasa\u010dkih listi\u0107a i broju rezervnih listi\u0107a za sprovo\u0111enje izbora za izbor poslanika u Skup\u0161tinu Crne Gore, koji \u0107e se odr\u017eati 30. avgusta 2020. godine. Glasa\u010dki listi\u0107i bi\u0107e \u0161tampani latini\u010dnim pismom, a Komisija se saglasila&#8230; <a href=\"https:\/\/dikcg.me\/wpold\/zapisnik-sa-137-sjednice\/\">Read more <i class=\"fas fa-angle-right\"><\/i><\/a>","protected":false},"author":56,"featured_media":0,"comment_status":"closed","ping_status":"closed","sticky":false,"template":"","format":"standard","meta":{"footnotes":""},"categories":[18],"tags":[247],"_links":{"self":[{"href":"https:\/\/dikcg.me\/wpold\/wp-json\/wp\/v2\/posts\/5286"}],"collection":[{"href":"https:\/\/dikcg.me\/wpold\/wp-json\/wp\/v2\/posts"}],"about":[{"href":"https:\/\/dikcg.me\/wpold\/wp-json\/wp\/v2\/types\/post"}],"author":[{"embeddable":true,"href":"https:\/\/dikcg.me\/wpold\/wp-json\/wp\/v2\/users\/56"}],"replies":[{"embeddable":true,"href":"https:\/\/dikcg.me\/wpold\/wp-json\/wp\/v2\/comments?post=5286"}],"version-history":[{"count":1,"href":"https:\/\/dikcg.me\/wpold\/wp-json\/wp\/v2\/posts\/5286\/revisions"}],"predecessor-version":[{"id":5287,"href":"https:\/\/dikcg.me\/wpold\/wp-json\/wp\/v2\/posts\/5286\/revisions\/5287"}],"wp:attachment":[{"href":"https:\/\/dikcg.me\/wpold\/wp-json\/wp\/v2\/media?parent=5286"}],"wp:term":[{"taxonomy":"category","embeddable":true,"href":"https:\/\/dikcg.me\/wpold\/wp-json\/wp\/v2\/categories?post=5286"},{"taxonomy":"post_tag","embeddable":true,"href":"https:\/\/dikcg.me\/wpold\/wp-json\/wp\/v2\/tags?post=5286"}],"curies":[{"name":"wp","href":"https:\/\/api.w.org\/{rel}","templated":true}]}}