{"id":5250,"date":"2020-08-19T14:19:05","date_gmt":"2020-08-19T13:19:05","guid":{"rendered":"https:\/\/dikcg.me\/wpold\/?p=5250"},"modified":"2021-12-16T18:46:21","modified_gmt":"2021-12-16T17:46:21","slug":"rjesenje-na-prigovor-socijaldemokrata-izjavljen-na-rjesenje-ikgg","status":"publish","type":"post","link":"https:\/\/dikcg.me\/wpold\/rjesenje-na-prigovor-socijaldemokrata-izjavljen-na-rjesenje-ikgg\/","title":{"rendered":"Rje\u0161enje na Prigovor Socijaldemokrata Crne Gore izjavljen na Rje\u0161enje IKGG"},"content":{"rendered":"<p style=\"text-align: left;\">Na osnovu \u010dlana 109 Zakona o izboru odbornika i poslanika (&#8220;Slu\u017ebeni list RCG&#8221;, br. 4\/98, 5\/98, 17\/98, 14\/00, 18\/00, 9\/01, 41\/02, 46\/02, 45\/04, 48\/06, 56\/06 i \u201cSlu\u017ebeni list CG\u201d, broj 46\/11, 14\/14, 47\/14,12\/16, 60\/17 i 10\/18), Dr\u017eavna izborna komisija, odlu\u010duju\u0107i o Prigovoru podnijetom u 10:14 od strane Socijaldemokrata Crne Gore broj 482 od 18.08.2020.godine, izjavljen na Rje\u0161enje Izborne komisije Glavnog grada Podgorica broj 5456\/20 od 16.08.2020.godine, na sjednici odr\u017eanoj 18.08.2020. godine u 12 sati, donijela je<\/p>\n<p style=\"text-align: center;\"><a href=\"https:\/\/dikcg.me\/wpold\/wp-content\/uploads\/2020\/08\/Socijaldemokrate.pdf\"><strong>R J E \u0160 E NJ E<\/strong><\/a><\/p>\n<p style=\"text-align: left;\"><strong>Odbija se<\/strong> Prigovor Socijaldemokrata Crne Gore broj 482 od 18.08.2020.godine, izjavljen na Rje\u0161enje Izborne komisije Glavnog grada Podgorica broj 5456\/20 od 16.08.2020.godine, kao <strong>neosnovan. \u00a0\u00a0\u00a0\u00a0 <\/strong><\/p>\n","protected":false},"excerpt":{"rendered":"Na osnovu \u010dlana 109 Zakona o izboru odbornika i poslanika (&#8220;Slu\u017ebeni list RCG&#8221;, br. 4\/98, 5\/98, 17\/98, 14\/00, 18\/00, 9\/01, 41\/02, 46\/02, 45\/04, 48\/06, 56\/06 i \u201cSlu\u017ebeni list CG\u201d, broj 46\/11, 14\/14, 47\/14,12\/16, 60\/17 i 10\/18), Dr\u017eavna izborna komisija, odlu\u010duju\u0107i o Prigovoru podnijetom u 10:14 od strane Socijaldemokrata Crne Gore broj 482 od 18.08.2020.godine, izjavljen&#8230; <a href=\"https:\/\/dikcg.me\/wpold\/rjesenje-na-prigovor-socijaldemokrata-izjavljen-na-rjesenje-ikgg\/\">Read more <i class=\"fas fa-angle-right\"><\/i><\/a>","protected":false},"author":56,"featured_media":0,"comment_status":"closed","ping_status":"closed","sticky":false,"template":"","format":"standard","meta":{"footnotes":""},"categories":[17],"tags":[242],"_links":{"self":[{"href":"https:\/\/dikcg.me\/wpold\/wp-json\/wp\/v2\/posts\/5250"}],"collection":[{"href":"https:\/\/dikcg.me\/wpold\/wp-json\/wp\/v2\/posts"}],"about":[{"href":"https:\/\/dikcg.me\/wpold\/wp-json\/wp\/v2\/types\/post"}],"author":[{"embeddable":true,"href":"https:\/\/dikcg.me\/wpold\/wp-json\/wp\/v2\/users\/56"}],"replies":[{"embeddable":true,"href":"https:\/\/dikcg.me\/wpold\/wp-json\/wp\/v2\/comments?post=5250"}],"version-history":[{"count":3,"href":"https:\/\/dikcg.me\/wpold\/wp-json\/wp\/v2\/posts\/5250\/revisions"}],"predecessor-version":[{"id":5257,"href":"https:\/\/dikcg.me\/wpold\/wp-json\/wp\/v2\/posts\/5250\/revisions\/5257"}],"wp:attachment":[{"href":"https:\/\/dikcg.me\/wpold\/wp-json\/wp\/v2\/media?parent=5250"}],"wp:term":[{"taxonomy":"category","embeddable":true,"href":"https:\/\/dikcg.me\/wpold\/wp-json\/wp\/v2\/categories?post=5250"},{"taxonomy":"post_tag","embeddable":true,"href":"https:\/\/dikcg.me\/wpold\/wp-json\/wp\/v2\/tags?post=5250"}],"curies":[{"name":"wp","href":"https:\/\/api.w.org\/{rel}","templated":true}]}}