{"id":5216,"date":"2020-08-12T15:48:16","date_gmt":"2020-08-12T14:48:16","guid":{"rendered":"https:\/\/dikcg.me\/wpold\/?p=5216"},"modified":"2021-12-17T08:01:43","modified_gmt":"2021-12-17T07:01:43","slug":"rjesenje-na-prigovor-maje-mrsulje-u-ime-koalicije-za-buducnost-kotora-izjavljen-na-rad-oik-kotor","status":"publish","type":"post","link":"https:\/\/dikcg.me\/wpold\/rjesenje-na-prigovor-maje-mrsulje-u-ime-koalicije-za-buducnost-kotora-izjavljen-na-rad-oik-kotor\/","title":{"rendered":"Rje\u0161enje na Prigovor Maje Mr\u0161ulje u ime Koalicije &#8220;Za budu\u0107nost Kotora&#8221; izjavljen na rad OIK Kotor"},"content":{"rendered":"<p>Na osnovu \u010dlana 109 Zakona o izboru odbornika i poslanika (&#8220;Slu\u017ebeni list RCG&#8221;, br. 4\/98, 5\/98, 17\/98, 14\/00, 18\/00, 9\/01, 41\/02, 46\/02, 45\/04, 48\/06, 56\/06 i \u201cSlu\u017ebeni list CG\u201d, broj 46\/11, 14\/14, 47\/14,12\/16, 60\/17 i 10\/18), Dr\u017eavna izborna komisija, odlu\u010duju\u0107i o Prigovoru koji je podnijela Maja Mr\u0161ulja za koaliciju \u201eZA BUDU\u0106NOST KOTORA\u201c u 20:19 sati, broj 441 od 11.08.2020.godine izjavljen na rad OIK Kotor, na sjednici odr\u017eanoj 12.08.2020. godine u 11 sati, donijela je<\/p>\n<p style=\"text-align: center;\"><a href=\"https:\/\/dikcg.me\/wpold\/wp-content\/uploads\/2020\/08\/Rje\u0161enje-ZA-BUDU\u0106NOST-KOTORA.pdf\"><strong>R J E \u0160 E NJ E<\/strong><\/a><\/p>\n<p><strong>Odbija se<\/strong> Prigovor podnijet od strane Maje Mr\u0161ulje u ime Koalicije \u201eZA BUDU\u0106NOST KOTORA\u201c broj 441 od 11.08.2020.godine izjavljen na rad Op\u0161tinske izborne komisije Kotor, kao <strong>neosnovan. \u00a0\u00a0\u00a0\u00a0\u00a0\u00a0 <\/strong><\/p>\n","protected":false},"excerpt":{"rendered":"Na osnovu \u010dlana 109 Zakona o izboru odbornika i poslanika (&#8220;Slu\u017ebeni list RCG&#8221;, br. 4\/98, 5\/98, 17\/98, 14\/00, 18\/00, 9\/01, 41\/02, 46\/02, 45\/04, 48\/06, 56\/06 i \u201cSlu\u017ebeni list CG\u201d, broj 46\/11, 14\/14, 47\/14,12\/16, 60\/17 i 10\/18), Dr\u017eavna izborna komisija, odlu\u010duju\u0107i o Prigovoru koji je podnijela Maja Mr\u0161ulja za koaliciju \u201eZA BUDU\u0106NOST KOTORA\u201c u 20:19 sati,&#8230; <a href=\"https:\/\/dikcg.me\/wpold\/rjesenje-na-prigovor-maje-mrsulje-u-ime-koalicije-za-buducnost-kotora-izjavljen-na-rad-oik-kotor\/\">Read more <i class=\"fas fa-angle-right\"><\/i><\/a>","protected":false},"author":56,"featured_media":0,"comment_status":"closed","ping_status":"closed","sticky":false,"template":"","format":"standard","meta":{"footnotes":""},"categories":[17],"tags":[242],"_links":{"self":[{"href":"https:\/\/dikcg.me\/wpold\/wp-json\/wp\/v2\/posts\/5216"}],"collection":[{"href":"https:\/\/dikcg.me\/wpold\/wp-json\/wp\/v2\/posts"}],"about":[{"href":"https:\/\/dikcg.me\/wpold\/wp-json\/wp\/v2\/types\/post"}],"author":[{"embeddable":true,"href":"https:\/\/dikcg.me\/wpold\/wp-json\/wp\/v2\/users\/56"}],"replies":[{"embeddable":true,"href":"https:\/\/dikcg.me\/wpold\/wp-json\/wp\/v2\/comments?post=5216"}],"version-history":[{"count":1,"href":"https:\/\/dikcg.me\/wpold\/wp-json\/wp\/v2\/posts\/5216\/revisions"}],"predecessor-version":[{"id":5219,"href":"https:\/\/dikcg.me\/wpold\/wp-json\/wp\/v2\/posts\/5216\/revisions\/5219"}],"wp:attachment":[{"href":"https:\/\/dikcg.me\/wpold\/wp-json\/wp\/v2\/media?parent=5216"}],"wp:term":[{"taxonomy":"category","embeddable":true,"href":"https:\/\/dikcg.me\/wpold\/wp-json\/wp\/v2\/categories?post=5216"},{"taxonomy":"post_tag","embeddable":true,"href":"https:\/\/dikcg.me\/wpold\/wp-json\/wp\/v2\/tags?post=5216"}],"curies":[{"name":"wp","href":"https:\/\/api.w.org\/{rel}","templated":true}]}}