{"id":5208,"date":"2020-08-12T15:41:07","date_gmt":"2020-08-12T14:41:07","guid":{"rendered":"https:\/\/dikcg.me\/wpold\/?p=5208"},"modified":"2021-12-17T08:01:57","modified_gmt":"2021-12-17T07:01:57","slug":"rjesenje-na-prigovor-demokratske-crne-gore-izjavljen-na-rjesenje-ikgg","status":"publish","type":"post","link":"https:\/\/dikcg.me\/wpold\/rjesenje-na-prigovor-demokratske-crne-gore-izjavljen-na-rjesenje-ikgg\/","title":{"rendered":"Rje\u0161enje na Prigovor Demokratske Crne Gore izjavljen na Rje\u0161enje IKGG"},"content":{"rendered":"<p>Na osnovu \u010dlana 109 Zakona o izboru odbornika i poslanika (&#8220;Slu\u017ebeni list RCG&#8221;, br. 4\/98, 5\/98, 17\/98, 14\/00, 18\/00, 9\/01, 41\/02, 46\/02, 45\/04, 48\/06, 56\/06 i \u201cSlu\u017ebeni list CG\u201d, broj 46\/11, 14\/14, 47\/14,12\/16, 60\/17 i 10\/18), Dr\u017eavna izborna komisija, odlu\u010duju\u0107i o Prigovoru podnijetom od strane Demokratske Crne Gore broj 438 od 11.08.2020.godine u 14 sati, izjavljen na Rje\u0161enje IKGG Podgorica broj 5432\/20 od 8.08.2020.godine, na sjednici odr\u017eanoj 12.08.2020. godine u 11 sati, donijela je<\/p>\n<p style=\"text-align: center;\"><a href=\"https:\/\/dikcg.me\/wpold\/wp-content\/uploads\/2020\/08\/Rje\u0161enje-Demokrate-IKGG-Pg.pdf\"><strong>R J E \u0160 E NJ E<\/strong><\/a><\/p>\n<p><strong>Odbija se<\/strong> Prigovor Demokratske Crne Gore broj 438 od 11.08.2020.godine izjavljen na Rje\u0161enje o odre\u0111ivanju bira\u010dkih mjesta Izborna komisija Glavnog grada Podgorica broj 5432\/20 od 8.08.2020.godine, kao <strong>neosnovan. \u00a0\u00a0\u00a0\u00a0\u00a0\u00a0 <\/strong><\/p>\n","protected":false},"excerpt":{"rendered":"Na osnovu \u010dlana 109 Zakona o izboru odbornika i poslanika (&#8220;Slu\u017ebeni list RCG&#8221;, br. 4\/98, 5\/98, 17\/98, 14\/00, 18\/00, 9\/01, 41\/02, 46\/02, 45\/04, 48\/06, 56\/06 i \u201cSlu\u017ebeni list CG\u201d, broj 46\/11, 14\/14, 47\/14,12\/16, 60\/17 i 10\/18), Dr\u017eavna izborna komisija, odlu\u010duju\u0107i o Prigovoru podnijetom od strane Demokratske Crne Gore broj 438 od 11.08.2020.godine u 14 sati,&#8230; <a href=\"https:\/\/dikcg.me\/wpold\/rjesenje-na-prigovor-demokratske-crne-gore-izjavljen-na-rjesenje-ikgg\/\">Read more <i class=\"fas fa-angle-right\"><\/i><\/a>","protected":false},"author":56,"featured_media":0,"comment_status":"closed","ping_status":"closed","sticky":false,"template":"","format":"standard","meta":{"footnotes":""},"categories":[17],"tags":[242],"_links":{"self":[{"href":"https:\/\/dikcg.me\/wpold\/wp-json\/wp\/v2\/posts\/5208"}],"collection":[{"href":"https:\/\/dikcg.me\/wpold\/wp-json\/wp\/v2\/posts"}],"about":[{"href":"https:\/\/dikcg.me\/wpold\/wp-json\/wp\/v2\/types\/post"}],"author":[{"embeddable":true,"href":"https:\/\/dikcg.me\/wpold\/wp-json\/wp\/v2\/users\/56"}],"replies":[{"embeddable":true,"href":"https:\/\/dikcg.me\/wpold\/wp-json\/wp\/v2\/comments?post=5208"}],"version-history":[{"count":1,"href":"https:\/\/dikcg.me\/wpold\/wp-json\/wp\/v2\/posts\/5208\/revisions"}],"predecessor-version":[{"id":5211,"href":"https:\/\/dikcg.me\/wpold\/wp-json\/wp\/v2\/posts\/5208\/revisions\/5211"}],"wp:attachment":[{"href":"https:\/\/dikcg.me\/wpold\/wp-json\/wp\/v2\/media?parent=5208"}],"wp:term":[{"taxonomy":"category","embeddable":true,"href":"https:\/\/dikcg.me\/wpold\/wp-json\/wp\/v2\/categories?post=5208"},{"taxonomy":"post_tag","embeddable":true,"href":"https:\/\/dikcg.me\/wpold\/wp-json\/wp\/v2\/tags?post=5208"}],"curies":[{"name":"wp","href":"https:\/\/api.w.org\/{rel}","templated":true}]}}