{"id":5094,"date":"2020-08-14T18:00:15","date_gmt":"2020-08-14T17:00:15","guid":{"rendered":"https:\/\/dikcg.me\/wpold\/?p=5094"},"modified":"2022-06-27T08:37:03","modified_gmt":"2022-06-27T07:37:03","slug":"5094","status":"publish","type":"post","link":"https:\/\/dikcg.me\/wpold\/5094\/","title":{"rendered":"Saziv za 134. sjednicu"},"content":{"rendered":"<p class=\"s8\"><span class=\"s7\"><span class=\"bumpedFont15\">Na osnovu \u010dlana 5 stav 1 Poslovnika o radu Dr\u017eavne izborne komisije (Slu\u017ebeni list Crne Gore broj 8\/15) <\/span><\/span><\/p>\n<p class=\"s8\" style=\"text-align: center;\"><strong><span class=\"s9\"><span class=\"bumpedFont15\">S A Z I V A M<\/span><\/span><\/strong><br \/>\n<span class=\"s7\"><span class=\"bumpedFont15\">134<\/span><\/span><span class=\"s7\"><span class=\"bumpedFont15\">. sjednicu \u00a0Dr\u017eavne izborne komisije<\/span><\/span><br \/>\n<span class=\"s7\"><span class=\"bumpedFont15\">za 12<\/span><\/span><span class=\"s7\"><span class=\"bumpedFont15\">.08<\/span><\/span><span class=\"s7\"><span class=\"bumpedFont15\">.2020. godine<\/span><\/span><br \/>\n<span class=\"s7\"><span class=\"bumpedFont15\">Za sjednicu predla\u017eem sljede\u0107i<\/span><\/span><\/p>\n<p class=\"s8\"><strong><span class=\"s9\"><span class=\"bumpedFont15\">DNEVNI RED<\/span><\/span><\/strong><\/p>\n<p><span class=\"s10\">1. <\/span><span class=\"s7\"><span class=\"bumpedFont15\">U<\/span><\/span><span class=\"s7\"><span class=\"bumpedFont15\">svajanje zapisnika sa 133. <\/span><\/span><span class=\"s7\"><span class=\"bumpedFont15\">sj<\/span><\/span><span class=\"s7\"><span class=\"bumpedFont15\">e<\/span><\/span><span class=\"s7\"><span class=\"bumpedFont15\">dnice Komis<\/span><\/span><span class=\"s7\"><span class=\"bumpedFont15\">i<\/span><\/span><span class=\"s7\"><span class=\"bumpedFont15\">je;<\/span><\/span><br \/>\n<span class=\"s10\">2. <\/span><span class=\"s7\"><span class=\"bumpedFont15\">Odluka Ustavnog suda;<\/span><\/span><br \/>\n<span class=\"s10\">3. <\/span><span class=\"s7\"><span class=\"bumpedFont15\">Prigovor koalicija DF-SNP &#8220;Kola\u0161in pobje\u0111uje&#8221; na Rje\u0161enje OIK Kola\u0161in 24\/3 od 11.08.2020. godine. <\/span><\/span><\/p>\n<p><span class=\"s7\"><span class=\"bumpedFont15\">Sjedni<\/span><\/span><span class=\"s7\"><span class=\"bumpedFont15\">ca \u0107e se odr\u017eati u h<\/span><\/span><span class=\"s7\"><span class=\"bumpedFont15\">otelu Hilton, sala princeza Jelena<\/span><\/span><span class=\"s7\"><span class=\"bumpedFont15\">,<\/span><\/span><span class=\"s7\"><span class=\"bumpedFont15\"> Bulevar Svetog Petra Cetinjskog 2<\/span><\/span><span class=\"s7\"><span class=\"bumpedFont15\"> u 19<\/span><\/span><span class=\"s7\"><span class=\"bumpedFont15\"> sati. \u00a0<\/span><\/span><\/p>\n","protected":false},"excerpt":{"rendered":"Na osnovu \u010dlana 5 stav 1 Poslovnika o radu Dr\u017eavne izborne komisije (Slu\u017ebeni list Crne Gore broj 8\/15) S A Z I V A M 134. sjednicu \u00a0Dr\u017eavne izborne komisije za 12.08.2020. godine Za sjednicu predla\u017eem sljede\u0107i DNEVNI RED 1. Usvajanje zapisnika sa 133. sjednice Komisije; 2. Odluka Ustavnog suda; 3. Prigovor koalicija DF-SNP &#8220;Kola\u0161in&#8230; <a href=\"https:\/\/dikcg.me\/wpold\/5094\/\">Read more <i class=\"fas fa-angle-right\"><\/i><\/a>","protected":false},"author":56,"featured_media":0,"comment_status":"closed","ping_status":"closed","sticky":false,"template":"","format":"standard","meta":{"footnotes":""},"categories":[18],"tags":[246],"_links":{"self":[{"href":"https:\/\/dikcg.me\/wpold\/wp-json\/wp\/v2\/posts\/5094"}],"collection":[{"href":"https:\/\/dikcg.me\/wpold\/wp-json\/wp\/v2\/posts"}],"about":[{"href":"https:\/\/dikcg.me\/wpold\/wp-json\/wp\/v2\/types\/post"}],"author":[{"embeddable":true,"href":"https:\/\/dikcg.me\/wpold\/wp-json\/wp\/v2\/users\/56"}],"replies":[{"embeddable":true,"href":"https:\/\/dikcg.me\/wpold\/wp-json\/wp\/v2\/comments?post=5094"}],"version-history":[{"count":3,"href":"https:\/\/dikcg.me\/wpold\/wp-json\/wp\/v2\/posts\/5094\/revisions"}],"predecessor-version":[{"id":5107,"href":"https:\/\/dikcg.me\/wpold\/wp-json\/wp\/v2\/posts\/5094\/revisions\/5107"}],"wp:attachment":[{"href":"https:\/\/dikcg.me\/wpold\/wp-json\/wp\/v2\/media?parent=5094"}],"wp:term":[{"taxonomy":"category","embeddable":true,"href":"https:\/\/dikcg.me\/wpold\/wp-json\/wp\/v2\/categories?post=5094"},{"taxonomy":"post_tag","embeddable":true,"href":"https:\/\/dikcg.me\/wpold\/wp-json\/wp\/v2\/tags?post=5094"}],"curies":[{"name":"wp","href":"https:\/\/api.w.org\/{rel}","templated":true}]}}