{"id":5053,"date":"2020-08-12T11:29:23","date_gmt":"2020-08-12T10:29:23","guid":{"rendered":"https:\/\/dikcg.me\/wpold\/?p=5053"},"modified":"2022-06-27T08:43:12","modified_gmt":"2022-06-27T07:43:12","slug":"zapisnik-sa-132-sjednice","status":"publish","type":"post","link":"https:\/\/dikcg.me\/wpold\/zapisnik-sa-132-sjednice\/","title":{"rendered":"Zapisnik sa 132. sjednice"},"content":{"rendered":"<p><strong><u>Ad \u2013 1<\/u><\/strong><br \/>\nKomisija je jednoglasno usvojila zapisnik sa 131. sjednice.<\/p>\n<p><strong><u>Ad \u2013 2<\/u><\/strong><br \/>\nKomisija je ramotrila zahtjev za mi\u0161ljenje Demokratske Crne Gore i saglasila se da \u0107e se o zahtjevu izjasniti na narednoj sjednici zbog opravdanog odsustva dijela \u010dlanova.<\/p>\n<p><strong><u>Ad \u2013 3<\/u><\/strong><br \/>\n\u010clan Komisije ispred Demokratske Crne Gore Veljko Vujovi\u0107 je u ime predlaga\u010da povukao Inicijativu Demokratske Crne Gore i podnio zahtjev za davanje mi\u0161ljenja sljede\u0107e sadr\u017eine:<br \/>\n\u201eU slu\u010daju da u odgovaraju\u0107oj skup\u0161tini op\u0161tine ne postoji nijedna opoziciona izborna lista, odnosno politi\u010dka partija, predla\u017eemo da Dr\u017eavna izborna komisija donese mi\u0161ljenje kojim \u0107e se preporu\u010diti na\u010din odre\u0111ivanja tima povjerenika za glasanje putem pisma.\u201c<br \/>\nKomisija je nakon razmatranja dala mi\u0161ljenje koje \u0107e biti dostavljeno Demokratskoj Crnoj Gori i objavljeno na web stranici Komisije.<\/p>\n<p><strong><u>Ad \u2013 4<\/u><\/strong><br \/>\nKomisija je zbog kompleksnosti materije i posljedica koje bi pitanja koja su predmet Inicijative CDT-a izazvale u prakti\u010dnoj primjeni odlu\u010dila da izja\u0161njenje\u00a0 o Inicijativi CDT-a odlo\u017ei za narednu sjednicu.<br \/>\n\u010clan Komisije Zoran Vuji\u010di\u0107 zatra\u017eio je da se Komisija izjasni o njegovom predlogu da na narednoj sjednici bude uvr\u0161tena ta\u010dka dnevnog reda pod nazivom \u201eRazmatranje izmjena Pravila o glasanju putem pisma\u201c.<br \/>\nDio \u010dlanova Komisije naglasio je da ne\u0107e podr\u017eati ovaj zahtjev budu\u0107i da je Vuji\u010di\u0107ev predlog u sadr\u017einskom smislu identi\u010dan Inicijativi CDT-a, koja \u0107e svakako biti predmet razmatranja na narednoj sjednici Komisije.<br \/>\nNakon \u0161to su se \u010dlanovi izjasnili o predlogu Vuji\u010di\u0107a, konstatovano je da isti nije dobio potrebnu ve\u0107inu. Pet \u010dlanova Komisije glasalo je za predlog, dva protiv i pet \u010dlanova izjasnilo se kao uzdr\u017eani.<\/p>\n<p><strong><u>Ad \u2013 5<\/u><\/strong><br \/>\nKomisija je nakon rasprave dala mi\u0161ljenje po zahtjevu Op\u0161tinske izborne komisije \u017dabljak. Tekst mi\u0161ljenja je sastavni dio ovog zapisnika.<br \/>\n<strong><u><\/p>\n<p>Ad \u2013 6<\/u><\/strong><br \/>\n\u010clanovima Komisije dati su na upoznavanje dopis Op\u0161tinske izborne komisije Plav u kojem su na zahtjev sekretara Komisije poja\u0161njene do sada preduzete izborne radnje, kao i dopis NVO \u201eNe damo Crnu Goru\u201c \u010diji su predmet primjedbe na tabelarni prikaz bira\u010dkog spiska od 20.06.2020. godine.<\/p>\n","protected":false},"excerpt":{"rendered":"Ad \u2013 1 Komisija je jednoglasno usvojila zapisnik sa 131. sjednice. Ad \u2013 2 Komisija je ramotrila zahtjev za mi\u0161ljenje Demokratske Crne Gore i saglasila se da \u0107e se o zahtjevu izjasniti na narednoj sjednici zbog opravdanog odsustva dijela \u010dlanova. Ad \u2013 3 \u010clan Komisije ispred Demokratske Crne Gore Veljko Vujovi\u0107 je u ime predlaga\u010da&#8230; <a href=\"https:\/\/dikcg.me\/wpold\/zapisnik-sa-132-sjednice\/\">Read more <i class=\"fas fa-angle-right\"><\/i><\/a>","protected":false},"author":56,"featured_media":0,"comment_status":"closed","ping_status":"closed","sticky":false,"template":"","format":"standard","meta":{"footnotes":""},"categories":[18],"tags":[247],"_links":{"self":[{"href":"https:\/\/dikcg.me\/wpold\/wp-json\/wp\/v2\/posts\/5053"}],"collection":[{"href":"https:\/\/dikcg.me\/wpold\/wp-json\/wp\/v2\/posts"}],"about":[{"href":"https:\/\/dikcg.me\/wpold\/wp-json\/wp\/v2\/types\/post"}],"author":[{"embeddable":true,"href":"https:\/\/dikcg.me\/wpold\/wp-json\/wp\/v2\/users\/56"}],"replies":[{"embeddable":true,"href":"https:\/\/dikcg.me\/wpold\/wp-json\/wp\/v2\/comments?post=5053"}],"version-history":[{"count":1,"href":"https:\/\/dikcg.me\/wpold\/wp-json\/wp\/v2\/posts\/5053\/revisions"}],"predecessor-version":[{"id":5054,"href":"https:\/\/dikcg.me\/wpold\/wp-json\/wp\/v2\/posts\/5053\/revisions\/5054"}],"wp:attachment":[{"href":"https:\/\/dikcg.me\/wpold\/wp-json\/wp\/v2\/media?parent=5053"}],"wp:term":[{"taxonomy":"category","embeddable":true,"href":"https:\/\/dikcg.me\/wpold\/wp-json\/wp\/v2\/categories?post=5053"},{"taxonomy":"post_tag","embeddable":true,"href":"https:\/\/dikcg.me\/wpold\/wp-json\/wp\/v2\/tags?post=5053"}],"curies":[{"name":"wp","href":"https:\/\/api.w.org\/{rel}","templated":true}]}}