{"id":5047,"date":"2020-08-12T10:01:43","date_gmt":"2020-08-12T09:01:43","guid":{"rendered":"https:\/\/dikcg.me\/wpold\/?p=5047"},"modified":"2022-06-27T08:36:49","modified_gmt":"2022-06-27T07:36:49","slug":"saziv-za-133-sjednicu","status":"publish","type":"post","link":"https:\/\/dikcg.me\/wpold\/saziv-za-133-sjednicu\/","title":{"rendered":"Saziv za 133. sjednicu"},"content":{"rendered":"<p class=\"s8\"><span class=\"s7\"><span class=\"bumpedFont15\">Na osnovu \u010dlana 5 stav 1 Poslovnika o radu Dr\u017eavne izborne komisije (Slu\u017ebeni list Crne Gore broj 8\/15) <\/span><\/span><\/p>\n<p style=\"text-align: center;\"><strong><span class=\"s9\"><span class=\"bumpedFont15\">S A Z I V A M<\/span><\/span><\/strong><br \/>\n<span class=\"s7\"><span class=\"bumpedFont15\">133<\/span><\/span><span class=\"s7\"><span class=\"bumpedFont15\">. sjednicu \u00a0Dr\u017eavne izborne komisije<\/span><\/span><br \/>\n<span class=\"s7\"><span class=\"bumpedFont15\">za 12<\/span><\/span><span class=\"s7\"><span class=\"bumpedFont15\">.08<\/span><\/span><span class=\"s7\"><span class=\"bumpedFont15\">.2020. godine<\/span><\/span><br \/>\n<span class=\"s7\"><span class=\"bumpedFont15\">Za sjednicu predla\u017eem sljede\u0107i<\/span><\/span><\/p>\n<p class=\"s8\" style=\"text-align: left;\"><span class=\"s9\"><span class=\"bumpedFont15\"><br \/>\nDNEVNI RED<\/span><\/span><\/p>\n<p><span class=\"s10\">1. <\/span><span class=\"s7\"><span class=\"bumpedFont15\">U<\/span><\/span><span class=\"s7\"><span class=\"bumpedFont15\">svajanje zapisnika sa 132<\/span><\/span><span class=\"s7\"><span class=\"bumpedFont15\">. <\/span><\/span><span class=\"s7\"><span class=\"bumpedFont15\">sj<\/span><\/span><span class=\"s7\"><span class=\"bumpedFont15\">e<\/span><\/span><span class=\"s7\"><span class=\"bumpedFont15\">dnice Komis<\/span><\/span><span class=\"s7\"><span class=\"bumpedFont15\">i<\/span><\/span><span class=\"s7\"><span class=\"bumpedFont15\">je;<\/span><\/span><br \/>\n<span class=\"s10\">2. <\/span><span class=\"s7\"><span class=\"bumpedFont15\">Zahtjev za mi\u0161ljenje Demokratske Crne Gore;<\/span><\/span><a name=\"_GoBack\"><\/a><br \/>\n<span class=\"s10\">3. <\/span><span class=\"s7\"><span class=\"bumpedFont15\">Prigovor <\/span><\/span><span class=\"s7\"><span class=\"bumpedFont15\">Demokratske Crne Gore<\/span><\/span><span class=\"s7\"><span class=\"bumpedFont15\"> na Rje\u0161enje o odre\u0111ivanju bira\u010dkih mjesta IKGG Podgorica<\/span><\/span><span class=\"s7\"><span class=\"bumpedFont15\">;<\/span><\/span><br \/>\n<span class=\"s10\">4. <\/span><span class=\"s7\"><span class=\"bumpedFont15\">Prigovor na rad OIK Kotor;<\/span><\/span><br \/>\n<span class=\"s10\">5. <\/span><span class=\"s7\"><span class=\"bumpedFont15\">Prigovor Koalicije \u201eZA BUDU<\/span><\/span><span class=\"s7\"><span class=\"bumpedFont15\">\u0106<\/span><\/span><span class=\"s7\"><span class=\"bumpedFont15\">NOST KOTORA\u201c na rad OIK Kotor;<\/span><\/span><br \/>\n<span class=\"s10\">6. <\/span><span class=\"s7\"><span class=\"bumpedFont15\">Inicijativa CDT-a;<\/span><\/span><br \/>\n<span class=\"s10\">7. <\/span><span class=\"s7\"><span class=\"bumpedFont15\">Teku\u0107a pitanja.<\/span><\/span><\/p>\n<p><span class=\"s7\"><span class=\"bumpedFont15\">Sjedni<\/span><\/span><span class=\"s7\"><span class=\"bumpedFont15\">ca \u0107e se odr\u017eati u h<\/span><\/span><span class=\"s7\"><span class=\"bumpedFont15\">otelu Hilton, sala princeza Jelena<\/span><\/span><span class=\"s7\"><span class=\"bumpedFont15\">,<\/span><\/span><span class=\"s7\"><span class=\"bumpedFont15\"> Bulevar Svetog Petra Cetinjskog 2<\/span><\/span><span class=\"s7\"><span class=\"bumpedFont15\"> u 11<\/span><\/span><span class=\"s7\"><span class=\"bumpedFont15\"> sati. \u00a0<\/span><\/span><\/p>\n","protected":false},"excerpt":{"rendered":"Na osnovu \u010dlana 5 stav 1 Poslovnika o radu Dr\u017eavne izborne komisije (Slu\u017ebeni list Crne Gore broj 8\/15) S A Z I V A M 133. sjednicu \u00a0Dr\u017eavne izborne komisije za 12.08.2020. godine Za sjednicu predla\u017eem sljede\u0107i DNEVNI RED 1. Usvajanje zapisnika sa 132. sjednice Komisije; 2. Zahtjev za mi\u0161ljenje Demokratske Crne Gore; 3. Prigovor&#8230; <a href=\"https:\/\/dikcg.me\/wpold\/saziv-za-133-sjednicu\/\">Read more <i class=\"fas fa-angle-right\"><\/i><\/a>","protected":false},"author":56,"featured_media":0,"comment_status":"closed","ping_status":"closed","sticky":false,"template":"","format":"standard","meta":{"footnotes":""},"categories":[18],"tags":[246],"_links":{"self":[{"href":"https:\/\/dikcg.me\/wpold\/wp-json\/wp\/v2\/posts\/5047"}],"collection":[{"href":"https:\/\/dikcg.me\/wpold\/wp-json\/wp\/v2\/posts"}],"about":[{"href":"https:\/\/dikcg.me\/wpold\/wp-json\/wp\/v2\/types\/post"}],"author":[{"embeddable":true,"href":"https:\/\/dikcg.me\/wpold\/wp-json\/wp\/v2\/users\/56"}],"replies":[{"embeddable":true,"href":"https:\/\/dikcg.me\/wpold\/wp-json\/wp\/v2\/comments?post=5047"}],"version-history":[{"count":5,"href":"https:\/\/dikcg.me\/wpold\/wp-json\/wp\/v2\/posts\/5047\/revisions"}],"predecessor-version":[{"id":5220,"href":"https:\/\/dikcg.me\/wpold\/wp-json\/wp\/v2\/posts\/5047\/revisions\/5220"}],"wp:attachment":[{"href":"https:\/\/dikcg.me\/wpold\/wp-json\/wp\/v2\/media?parent=5047"}],"wp:term":[{"taxonomy":"category","embeddable":true,"href":"https:\/\/dikcg.me\/wpold\/wp-json\/wp\/v2\/categories?post=5047"},{"taxonomy":"post_tag","embeddable":true,"href":"https:\/\/dikcg.me\/wpold\/wp-json\/wp\/v2\/tags?post=5047"}],"curies":[{"name":"wp","href":"https:\/\/api.w.org\/{rel}","templated":true}]}}