{"id":5019,"date":"2020-08-07T14:28:45","date_gmt":"2020-08-07T13:28:45","guid":{"rendered":"https:\/\/dikcg.me\/wpold\/?p=5019"},"modified":"2022-06-27T08:43:27","modified_gmt":"2022-06-27T07:43:27","slug":"zapisnik-sa-130-sjednice","status":"publish","type":"post","link":"https:\/\/dikcg.me\/wpold\/zapisnik-sa-130-sjednice\/","title":{"rendered":"Zapisnik sa 130. sjednice"},"content":{"rendered":"<p><strong><u>Ad \u2013 1<\/u><\/strong><br \/>\nKomisija je jednoglasno usvojila zapisnik sa 129. sjednice.<\/p>\n<p><strong><u>Ad \u2013 2<\/u><\/strong><br \/>\nKomisija je odbacila prigovor Demokratske Crne Gore broj 395 od 6.08.2020. godine kao neblagovremen.<\/p>\n<p><strong><u>Ad \u2013 3<\/u><\/strong><br \/>\nKomisija se saglasila da se odlo\u017ei razmatranje mi\u0161ljenja Demokratske Crne Gore do pribavljanja informacija od Ministarstva unutra\u0161njih poslova. Kako se o pitanjima koja su predmet mi\u0161ljenja ve\u0107 raspravljalo na Komisiji, dopis Ministarstvu u kome se tra\u017ee podaci o broju lica koja su u posjedu jednog li\u010dnog dokumenta (li\u010dne karte ili paso\u0161a) \u010diji je rok istekao je ve\u0107 upu\u0107en.<\/p>\n<p><strong><u>Ad \u2013 4<\/u><\/strong><br \/>\nKomisija je razmatrala podnesene izborne liste:<br \/>\n&#8211; ALBANSKA LISTA \u2013 Genci Nimanbegu, Nik Gjeloshaj LISTA SHQIPTARE \u2013 Genci Nimanbegu, Nik Gjeloshaj;<br \/>\n&#8211; Albanska koalicija \u201eJednoglasno\u201c Demokratska partija, Demokratska unija Albanaca i Demokratski savez u Crnoj Gori &#8211; Koalicioni shquiptar \u201eBashke nji za\u201c Partia Demokratike, Unioni Demokratik i\u00a0 Shquiptareve dhe Lidhja Demokratike ne Mal Te Zi;<br \/>\n-\u201eSNE\u017dANA JONICA-SOCIJALISTI CRNE GORE-\u00a0 DA \u017dIVIMO KAO JUGOSLOVENI\u201c<\/p>\n<p>Nakon razmatranja, konstatovano je da sve izborne liste sadr\u017ee nedostatke, te je Komisija donijela zaklju\u010dke o otklanjanju nedostataka koje su podnosioci du\u017eni ispraviti u roku od 48 sati od dostavljanja.<\/p>\n<p><strong><u>Ad \u2013 5<\/u><\/strong><br \/>\nKomisija je nakon razmatranja utvrdila Tehni\u010dke preporuke za odr\u017eavanje izbora u cilju epidemiolo\u0161ke za\u0161tite bira\u010da.<br \/>\nZa Tehni\u010dke preporuke glasali su svi \u010dlanovi Komisije osim Veljka Vujovi\u0107a iz Demokratske Crne Gore.<\/p>\n<p><strong><u>Ad \u2013 6<\/u><\/strong><br \/>\nKomisija se upoznala sa predlogom tv kampanje Dr\u017eavne izborne komisije i OEBS-a o edukaciji bira\u010da. \u010clanovi Komisije su se saglasili sa predlo\u017eenim sadr\u017eajem.<br \/>\nKomisija je odlu\u010dila da povodom zahtjeva gra\u0111ana za brisanjem iz aplikacije \u201cPROVJERA BIRA\u010cA KOJI SU SVOJIM POTPISOM DALI PODR\u0160KU IZBORNOJ LISTI ZA PARLAMENTARNE IZBORE ZAKAZANE ZA 30.08.2020. GODINE\u201d odlu\u010duje rje\u0161enjem i bri\u0161e podatke bira\u010da iz aplikacije.<\/p>\n","protected":false},"excerpt":{"rendered":"Ad \u2013 1 Komisija je jednoglasno usvojila zapisnik sa 129. sjednice. Ad \u2013 2 Komisija je odbacila prigovor Demokratske Crne Gore broj 395 od 6.08.2020. godine kao neblagovremen. Ad \u2013 3 Komisija se saglasila da se odlo\u017ei razmatranje mi\u0161ljenja Demokratske Crne Gore do pribavljanja informacija od Ministarstva unutra\u0161njih poslova. Kako se o pitanjima koja su&#8230; <a href=\"https:\/\/dikcg.me\/wpold\/zapisnik-sa-130-sjednice\/\">Read more <i class=\"fas fa-angle-right\"><\/i><\/a>","protected":false},"author":56,"featured_media":0,"comment_status":"closed","ping_status":"closed","sticky":false,"template":"","format":"standard","meta":{"footnotes":""},"categories":[18],"tags":[247],"_links":{"self":[{"href":"https:\/\/dikcg.me\/wpold\/wp-json\/wp\/v2\/posts\/5019"}],"collection":[{"href":"https:\/\/dikcg.me\/wpold\/wp-json\/wp\/v2\/posts"}],"about":[{"href":"https:\/\/dikcg.me\/wpold\/wp-json\/wp\/v2\/types\/post"}],"author":[{"embeddable":true,"href":"https:\/\/dikcg.me\/wpold\/wp-json\/wp\/v2\/users\/56"}],"replies":[{"embeddable":true,"href":"https:\/\/dikcg.me\/wpold\/wp-json\/wp\/v2\/comments?post=5019"}],"version-history":[{"count":1,"href":"https:\/\/dikcg.me\/wpold\/wp-json\/wp\/v2\/posts\/5019\/revisions"}],"predecessor-version":[{"id":5020,"href":"https:\/\/dikcg.me\/wpold\/wp-json\/wp\/v2\/posts\/5019\/revisions\/5020"}],"wp:attachment":[{"href":"https:\/\/dikcg.me\/wpold\/wp-json\/wp\/v2\/media?parent=5019"}],"wp:term":[{"taxonomy":"category","embeddable":true,"href":"https:\/\/dikcg.me\/wpold\/wp-json\/wp\/v2\/categories?post=5019"},{"taxonomy":"post_tag","embeddable":true,"href":"https:\/\/dikcg.me\/wpold\/wp-json\/wp\/v2\/tags?post=5019"}],"curies":[{"name":"wp","href":"https:\/\/api.w.org\/{rel}","templated":true}]}}