{"id":4975,"date":"2020-08-08T21:43:57","date_gmt":"2020-08-08T20:43:57","guid":{"rendered":"https:\/\/dikcg.me\/wpold\/?p=4975"},"modified":"2022-06-27T09:12:15","modified_gmt":"2022-06-27T08:12:15","slug":"odbijena-izborna-lista-snezana-jonica-socijalisti-crne-gore-da-zivimo-kao-jugosloveni","status":"publish","type":"post","link":"https:\/\/dikcg.me\/wpold\/odbijena-izborna-lista-snezana-jonica-socijalisti-crne-gore-da-zivimo-kao-jugosloveni\/","title":{"rendered":"Odbijena izborna lista &#8220;SNE\u017dANA JONICA &#8211; SOCIJALISTI CRNE GORE &#8211; DA \u017dIVIMO KAO JUGOSLOVENI&#8221;"},"content":{"rendered":"<p>Na osnovu \u010dl. 47 stav 4 i 47a\u00a0 Zakona o izboru odbornika i poslanika (&#8220;Slu\u017ebeni list RCG&#8221;, br. 4\/98, 5\/98, 17\/98, 14\/00, 18\/00, 9\/01, 41\/02, 46\/02, 45\/04, 48\/06, 56\/06 i \u201cSlu\u017ebeni list CG\u201d, broj 46\/11,14\/14,\u00a0 47\/14, 12\/16, 60\/17 I 10\/18), Dr\u017eavna izborna komisija, na sjednici odr\u017eanoj 8. avgusta godine u 11 \u010dasova, donijela je<\/p>\n<p style=\"text-align: center;\">\n<a href=\"https:\/\/dikcg.me\/wpold\/wp-content\/uploads\/2020\/08\/Rjesenje-Socijalisti-CG.pdf\"><strong>RJE\u0160ENJE<\/strong><\/a><\/p>\n<p>Odbija se progla\u0161enje izborne liste naziva \u201eSNE\u017dANA JONICA \u2013 SOCIJALISTI CRNE GORE \u2013 DA \u017dIVIMO KAO JUGOSLOVENI\u201c za izbor poslanika u Skup\u0161tinu Crne Gore koji su raspisani za 30. avgust 2020. godine koju je podnijela politi\u010dka partija Socijalisti Crne Gore.<\/p>\n","protected":false},"excerpt":{"rendered":"Na osnovu \u010dl. 47 stav 4 i 47a\u00a0 Zakona o izboru odbornika i poslanika (&#8220;Slu\u017ebeni list RCG&#8221;, br. 4\/98, 5\/98, 17\/98, 14\/00, 18\/00, 9\/01, 41\/02, 46\/02, 45\/04, 48\/06, 56\/06 i \u201cSlu\u017ebeni list CG\u201d, broj 46\/11,14\/14,\u00a0 47\/14, 12\/16, 60\/17 I 10\/18), Dr\u017eavna izborna komisija, na sjednici odr\u017eanoj 8. avgusta godine u 11 \u010dasova, donijela je RJE\u0160ENJE&#8230; <a href=\"https:\/\/dikcg.me\/wpold\/odbijena-izborna-lista-snezana-jonica-socijalisti-crne-gore-da-zivimo-kao-jugosloveni\/\">Read more <i class=\"fas fa-angle-right\"><\/i><\/a>","protected":false},"author":56,"featured_media":0,"comment_status":"closed","ping_status":"closed","sticky":false,"template":"","format":"standard","meta":{"footnotes":""},"categories":[210],"tags":[256],"_links":{"self":[{"href":"https:\/\/dikcg.me\/wpold\/wp-json\/wp\/v2\/posts\/4975"}],"collection":[{"href":"https:\/\/dikcg.me\/wpold\/wp-json\/wp\/v2\/posts"}],"about":[{"href":"https:\/\/dikcg.me\/wpold\/wp-json\/wp\/v2\/types\/post"}],"author":[{"embeddable":true,"href":"https:\/\/dikcg.me\/wpold\/wp-json\/wp\/v2\/users\/56"}],"replies":[{"embeddable":true,"href":"https:\/\/dikcg.me\/wpold\/wp-json\/wp\/v2\/comments?post=4975"}],"version-history":[{"count":1,"href":"https:\/\/dikcg.me\/wpold\/wp-json\/wp\/v2\/posts\/4975\/revisions"}],"predecessor-version":[{"id":4978,"href":"https:\/\/dikcg.me\/wpold\/wp-json\/wp\/v2\/posts\/4975\/revisions\/4978"}],"wp:attachment":[{"href":"https:\/\/dikcg.me\/wpold\/wp-json\/wp\/v2\/media?parent=4975"}],"wp:term":[{"taxonomy":"category","embeddable":true,"href":"https:\/\/dikcg.me\/wpold\/wp-json\/wp\/v2\/categories?post=4975"},{"taxonomy":"post_tag","embeddable":true,"href":"https:\/\/dikcg.me\/wpold\/wp-json\/wp\/v2\/tags?post=4975"}],"curies":[{"name":"wp","href":"https:\/\/api.w.org\/{rel}","templated":true}]}}