{"id":4962,"date":"2020-08-06T15:32:55","date_gmt":"2020-08-06T14:32:55","guid":{"rendered":"https:\/\/dikcg.me\/wpold\/?p=4962"},"modified":"2022-06-27T08:43:42","modified_gmt":"2022-06-27T07:43:42","slug":"zapisnik-sa-128-sjednice","status":"publish","type":"post","link":"https:\/\/dikcg.me\/wpold\/zapisnik-sa-128-sjednice\/","title":{"rendered":"Zapisnik sa 128. sjednice"},"content":{"rendered":"<p><strong><u>Ad \u2013 1<\/u><\/strong><br \/>\nKomisija je jednoglasno usvojila zapisnik sa 127. sjednice.<\/p>\n<p><strong><u>Ad \u2013 2<\/u><\/strong><br \/>\nKomisija je nakon uvida u propisanu dokumentaciju, rje\u0161enjem utvrdila i proglasila sljede\u0107e izborne liste:<\/p>\n<ul>\n<li><strong><em>Odlu\u010dno za Crnu Goru! DPS \u2013 Milo \u0110ukanovi\u0107<\/em><\/strong>, koju je podnijela Demokratska partija socijalista Crne Gore;<\/li>\n<li><strong>Bo\u0161nja\u010dka stranka \u2013 Ispravno \u2013 Rafet Husovi\u0107,\u00a0<\/strong>koju je podnijela Bo\u0161nja\u010dka stranka;<\/li>\n<li><strong>HRVATSKA REFORMSKA STRANKA CRNE GORE \u2013 HRS,\u00a0<\/strong>koju je podnijela Hrvatska reformska stranka Crne Gore;<\/li>\n<li><strong><em>\u0417\u0410 \u0411\u0423\u0414\u0423\u040b\u041d\u041e\u0421\u0422 \u0426\u0420\u041d\u0415 \u0413\u041e\u0420\u0415 \u2013 \u0414\u0435\u043c\u043e\u043a\u0440\u0430\u0442\u0441\u043a\u0438 \u0444\u0440\u043e\u043d\u0442 (\u041d\u043e\u0432\u0430 \u0441\u0440\u043f\u0441\u043a\u0430 \u0434\u0435\u043c\u043e\u043a\u0440\u0430\u0442\u0438\u0458\u0430, \u041f\u043e\u043a\u0440\u0435\u0442 \u0437\u0430 \u043f\u0440\u043e\u043c\u0458\u0435\u043d\u0435, \u0414\u0435\u043c\u043e\u043a\u0440\u0430\u0442\u0441\u043a\u0430 \u043d\u0430\u0440\u043e\u0434\u043d\u0430 \u043f\u0430\u0440\u0442\u0438\u0458\u0430), \u0421\u043e\u0446\u0438\u0458\u0430\u043b\u0438\u0441\u0442\u0438\u0447\u043a\u0430 \u043d\u0430\u0440\u043e\u0434\u043d\u0430 \u043f\u0430\u0440\u0442\u0438\u0458\u0430 \u0426\u0440\u043d\u0435 \u0413\u043e\u0440\u0435, \u041f\u0440\u0430\u0432\u0430 \u0426\u0440\u043d\u0430 \u0413\u043e\u0440\u0430, \u0423\u0458\u0435\u0434\u0438\u045a\u0435\u043d\u0430 \u0426\u0440\u043d\u0430 \u0413\u043e\u0440\u0430, \u0420\u0430\u0434\u043d\u0438\u0447\u043a\u0430 \u043f\u0430\u0440\u0442\u0438\u0458\u0430, \u041f\u0430\u0440\u0442\u0438\u0458\u0430 \u0443\u0434\u0440\u0443\u0436\u0435\u043d\u0438\u0445 \u043f\u0435\u043d\u0437\u0438\u043e\u043d\u0435\u0440\u0430 \u0438 \u0438\u043d\u0432\u0430\u043b\u0438\u0434\u0430, \u0408\u0443\u0433\u043e\u0441\u043b\u043e\u0432\u0435\u043d\u0441\u043a\u0430 \u043a\u043e\u043c\u0443\u043d\u0438\u0441\u0442\u0438\u0447\u043a\u0430 \u043f\u0430\u0440\u0442\u0438\u0458\u0430 \u0426\u0440\u043d\u0435 \u0413\u043e\u0440\u0435, \u0421\u0440\u043f\u0441\u043a\u0430 \u0440\u0430\u0434\u0438\u043a\u0430\u043b\u043d\u0430 \u0441\u0442\u0440\u0430\u043d\u043a\u0430, \u0421\u0442\u0440\u0430\u043d\u043a\u0430 \u043f\u0435\u043d\u0437\u0438\u043e\u043d\u0435\u0440\u0430 \u0438\u043d\u0432\u0430\u043b\u0438\u0434\u0430 \u0438 \u0441\u043e\u0446\u0438\u0458\u0430\u043b\u043d\u0435 \u043f\u0440\u0430\u0432\u0434\u0435\u00a0<\/em><\/strong>koju je podnijela koalicija Demokratski front (Nova srpska demokratija, Pokret za promjene, Demokratska narodna partija), Socijalisti\u010dka narodna partija Crne Gore, Prava Crna Gora, Ujedinjena Crna Gora, Radni\u010dka partija, Partija udru\u017eenih penzionera i invalida, Jugoslovenska komunisti\u010dka partija Crne Gore, Srpska radikalna stranka, Stranka penzionera invalida i socijalne pravde;<\/li>\n<\/ul>\n<p>Komisija je donijela zaklju\u010dke o ispunjenju uslova za odre\u0111ivanje opunomo\u0107enih predstavnika u pro\u0161ireni sastav organa za sprovo\u0111enje izbora, koji \u0107e biti dostavljeni podnosiocima utvr\u0111enih i progla\u0161enih izbornih lista u zakonskom roku.<\/p>\n<p><strong><u>Ad \u2013 3<\/u><\/strong><br \/>\nPredsjednik je zadu\u017eio Stru\u010dnu slu\u017ebu da provjeri status predsjednika op\u0161tinske izborne komisije Plav, budu\u0107i da su se u javnosti pojavile informacije da je predsjednik OIK Plav podnio ostavku.<br \/>\n\u010clan Komisije Veljko Vujovi\u0107 informisao je predsjednika, sekretara i \u010dlanove da ubudu\u0107e ne\u0107e u\u010destvovati u izradi dokumenta o preporukama za bezbjedno odr\u017eavanje izbora u saradnji sa Nacionalnim koordinacionim tijelom za zarazne bolesti. Vujovi\u0107 je naglasio da ne\u0107e podr\u017eati dono\u0161enje ovog dokumenta kada se o njemu bude glasalo, a da je razlog za to stav partije koju predstavlja.<\/p>\n","protected":false},"excerpt":{"rendered":"Ad \u2013 1 Komisija je jednoglasno usvojila zapisnik sa 127. sjednice. Ad \u2013 2 Komisija je nakon uvida u propisanu dokumentaciju, rje\u0161enjem utvrdila i proglasila sljede\u0107e izborne liste: Odlu\u010dno za Crnu Goru! DPS \u2013 Milo \u0110ukanovi\u0107, koju je podnijela Demokratska partija socijalista Crne Gore; Bo\u0161nja\u010dka stranka \u2013 Ispravno \u2013 Rafet Husovi\u0107,\u00a0koju je podnijela Bo\u0161nja\u010dka stranka;&#8230; <a href=\"https:\/\/dikcg.me\/wpold\/zapisnik-sa-128-sjednice\/\">Read more <i class=\"fas fa-angle-right\"><\/i><\/a>","protected":false},"author":56,"featured_media":0,"comment_status":"closed","ping_status":"closed","sticky":false,"template":"","format":"standard","meta":{"footnotes":""},"categories":[18],"tags":[247],"_links":{"self":[{"href":"https:\/\/dikcg.me\/wpold\/wp-json\/wp\/v2\/posts\/4962"}],"collection":[{"href":"https:\/\/dikcg.me\/wpold\/wp-json\/wp\/v2\/posts"}],"about":[{"href":"https:\/\/dikcg.me\/wpold\/wp-json\/wp\/v2\/types\/post"}],"author":[{"embeddable":true,"href":"https:\/\/dikcg.me\/wpold\/wp-json\/wp\/v2\/users\/56"}],"replies":[{"embeddable":true,"href":"https:\/\/dikcg.me\/wpold\/wp-json\/wp\/v2\/comments?post=4962"}],"version-history":[{"count":1,"href":"https:\/\/dikcg.me\/wpold\/wp-json\/wp\/v2\/posts\/4962\/revisions"}],"predecessor-version":[{"id":4963,"href":"https:\/\/dikcg.me\/wpold\/wp-json\/wp\/v2\/posts\/4962\/revisions\/4963"}],"wp:attachment":[{"href":"https:\/\/dikcg.me\/wpold\/wp-json\/wp\/v2\/media?parent=4962"}],"wp:term":[{"taxonomy":"category","embeddable":true,"href":"https:\/\/dikcg.me\/wpold\/wp-json\/wp\/v2\/categories?post=4962"},{"taxonomy":"post_tag","embeddable":true,"href":"https:\/\/dikcg.me\/wpold\/wp-json\/wp\/v2\/tags?post=4962"}],"curies":[{"name":"wp","href":"https:\/\/api.w.org\/{rel}","templated":true}]}}