{"id":4937,"date":"2020-08-07T13:51:00","date_gmt":"2020-08-07T12:51:00","guid":{"rendered":"https:\/\/dikcg.me\/wpold\/?p=4937"},"modified":"2021-12-17T08:03:05","modified_gmt":"2021-12-17T07:03:05","slug":"prigovor-demokrata-na-rjesenje-oik-pljevlja-neblagovremen","status":"publish","type":"post","link":"https:\/\/dikcg.me\/wpold\/prigovor-demokrata-na-rjesenje-oik-pljevlja-neblagovremen\/","title":{"rendered":"Prigovor Demokrata na Rje\u0161enje OIK Pljevlja neblagovremen"},"content":{"rendered":"<p>Na osnovu \u010dlana 109 Zakona o izboru odbornika i poslanika (&#8220;Slu\u017ebeni list RCG&#8221;, br. 4\/98, 5\/98, 17\/98, 14\/00, 18\/00, 9\/01, 41\/02, 46\/02, 45\/04, 48\/06, 56\/06 i \u201cSlu\u017ebeni list CG\u201d, broj 46\/11, 14\/14, 47\/14,12\/16, 60\/17 i 10\/18), Dr\u017eavna izborna komisija, odlu\u010duju\u0107i o Prigovoru Demokratske Crne Gore OO Pljevlja broj 395 od 6.08.2020.godine izjavljen na Rje\u0161enje OIK Pljevlja broj 14\/2020 od 21.07.2020.godine, na sjednici odr\u017eanoj 6.08.2020. godine u 15:30 sati, donijela je<\/p>\n<p style=\"text-align: center;\"><a href=\"https:\/\/dikcg.me\/wpold\/wp-content\/uploads\/2020\/08\/Rje\u0161enje-Demokrate.pdf\"><strong>R J E \u0160 E NJ E<\/strong><\/a><\/p>\n<p><strong>Odbacuje se<\/strong> Prigovor Demokratske Crne Gore OO Pljevlja broj 395 od 6.08.2020.godine izjavljen na na Rje\u0161enje o odre\u0111ivanju bira\u010dkih mjesta OIK Pljevlja broj 14\/2020 od 21.07.2020.godine, kao <strong>neblagovremen.<br \/>\n<\/strong><\/p>\n","protected":false},"excerpt":{"rendered":"Na osnovu \u010dlana 109 Zakona o izboru odbornika i poslanika (&#8220;Slu\u017ebeni list RCG&#8221;, br. 4\/98, 5\/98, 17\/98, 14\/00, 18\/00, 9\/01, 41\/02, 46\/02, 45\/04, 48\/06, 56\/06 i \u201cSlu\u017ebeni list CG\u201d, broj 46\/11, 14\/14, 47\/14,12\/16, 60\/17 i 10\/18), Dr\u017eavna izborna komisija, odlu\u010duju\u0107i o Prigovoru Demokratske Crne Gore OO Pljevlja broj 395 od 6.08.2020.godine izjavljen na Rje\u0161enje OIK&#8230; <a href=\"https:\/\/dikcg.me\/wpold\/prigovor-demokrata-na-rjesenje-oik-pljevlja-neblagovremen\/\">Read more <i class=\"fas fa-angle-right\"><\/i><\/a>","protected":false},"author":56,"featured_media":0,"comment_status":"closed","ping_status":"closed","sticky":false,"template":"","format":"standard","meta":{"footnotes":""},"categories":[17],"tags":[242],"_links":{"self":[{"href":"https:\/\/dikcg.me\/wpold\/wp-json\/wp\/v2\/posts\/4937"}],"collection":[{"href":"https:\/\/dikcg.me\/wpold\/wp-json\/wp\/v2\/posts"}],"about":[{"href":"https:\/\/dikcg.me\/wpold\/wp-json\/wp\/v2\/types\/post"}],"author":[{"embeddable":true,"href":"https:\/\/dikcg.me\/wpold\/wp-json\/wp\/v2\/users\/56"}],"replies":[{"embeddable":true,"href":"https:\/\/dikcg.me\/wpold\/wp-json\/wp\/v2\/comments?post=4937"}],"version-history":[{"count":1,"href":"https:\/\/dikcg.me\/wpold\/wp-json\/wp\/v2\/posts\/4937\/revisions"}],"predecessor-version":[{"id":4940,"href":"https:\/\/dikcg.me\/wpold\/wp-json\/wp\/v2\/posts\/4937\/revisions\/4940"}],"wp:attachment":[{"href":"https:\/\/dikcg.me\/wpold\/wp-json\/wp\/v2\/media?parent=4937"}],"wp:term":[{"taxonomy":"category","embeddable":true,"href":"https:\/\/dikcg.me\/wpold\/wp-json\/wp\/v2\/categories?post=4937"},{"taxonomy":"post_tag","embeddable":true,"href":"https:\/\/dikcg.me\/wpold\/wp-json\/wp\/v2\/tags?post=4937"}],"curies":[{"name":"wp","href":"https:\/\/api.w.org\/{rel}","templated":true}]}}