{"id":4842,"date":"2020-08-04T21:18:58","date_gmt":"2020-08-04T20:18:58","guid":{"rendered":"https:\/\/dikcg.me\/wpold\/?p=4842"},"modified":"2021-12-17T21:18:14","modified_gmt":"2021-12-17T20:18:14","slug":"drzavnoj-izbornoj-komisiji-predata-izborna-lista","status":"publish","type":"post","link":"https:\/\/dikcg.me\/wpold\/drzavnoj-izbornoj-komisiji-predata-izborna-lista\/","title":{"rendered":"Dr\u017eavnoj izbornoj komisiji predata izborna lista &#8220;\u0417\u0410 \u0411\u0423\u0414\u0423\u040b\u041d\u041e\u0421\u0422 \u0426\u0420\u041d\u0415 \u0413\u041e\u0420\u0415&#8221;"},"content":{"rendered":"<p>Demokratski front (Nova srpska demokratija, Pokret za promjene, Demokratska narodna partija), Socijalisti\u010dka narodna partija Crne Gore, Prava Crna Gora, Ujedinjena Crna Gora, Radni\u010dka partija, Partija udru\u017eenih penzionera i invalida, Jugoslovenska komunisti\u010dka partija Crne Gore, Srpska radikalna stranka, Stranka penzionera invalida i socijalne pravde predala je Dr\u017eavnoj izbornoj komisiji izbornu listu pod nazivom<\/p>\n<p><strong>\u0417\u0410 \u0411\u0423\u0414\u0423\u040b\u041d\u041e\u0421\u0422 \u0426\u0420\u041d\u0415 \u0413\u041e\u0420\u0415 &#8211; <\/strong><strong>\u0414\u0435\u043c\u043e\u043a\u0440\u0430\u0442\u0441\u043a\u0438 \u0444\u0440\u043e\u043d\u0442 (\u041d\u043e\u0432\u0430 \u0441\u0440\u043f\u0441\u043a\u0430 \u0434\u0435\u043c\u043e\u043a\u0440\u0430\u0442\u0438\u0458\u0430, \u041f\u043e\u043a\u0440\u0435\u0442 \u0437\u0430 \u043f\u0440\u043e\u043c\u0458\u0435\u043d\u0435, \u0414\u0435\u043c\u043e\u043a\u0440\u0430\u0442\u0441\u043a\u0430 \u043d\u0430\u0440\u043e\u0434\u043d\u0430 \u043f\u0430\u0440\u0442\u0438\u0458\u0430), \u0421\u043e\u0446\u0438\u0458\u0430\u043b\u0438\u0441\u0442\u0438\u0447\u043a\u0430 \u043d\u0430\u0440\u043e\u0434\u043d\u0430 \u043f\u0430\u0440\u0442\u0438\u0458\u0430 \u0426\u0440\u043d\u0435 \u0413\u043e\u0440\u0435, \u041f\u0440\u0430\u0432\u0430 \u0426\u0440\u043d\u0430 \u0413\u043e\u0440\u0430, \u0423\u0458\u0435\u0434\u0438\u045a\u0435\u043d\u0430 \u0426\u0440\u043d\u0430 \u0413\u043e\u0440\u0430, \u0420\u0430\u0434\u043d\u0438\u0447\u043a\u0430 \u043f\u0430\u0440\u0442\u0438\u0458\u0430, \u041f\u0430\u0440\u0442\u0438\u0458\u0430 \u0443\u0434\u0440\u0443\u0436\u0435\u043d\u0438\u0445 \u043f\u0435\u043d\u0437\u0438\u043e\u043d\u0435\u0440\u0430 \u0438 \u0438\u043d\u0432\u0430\u043b\u0438\u0434\u0430, \u0408\u0443\u0433\u043e\u0441\u043b\u043e\u0432\u0435\u043d\u0441\u043a\u0430 \u043a\u043e\u043c\u0443\u043d\u0438\u0441\u0442\u0438\u0447\u043a\u0430 \u043f\u0430\u0440\u0442\u0438\u0458\u0430 \u0426\u0440\u043d\u0435 \u0413\u043e\u0440\u0435, \u0421\u0440\u043f\u0441\u043a\u0430 \u0440\u0430\u0434\u0438\u043a\u0430\u043b\u043d\u0430 \u0441\u0442\u0440\u0430\u043d\u043a\u0430, \u0421\u0442\u0440\u0430\u043d\u043a\u0430 \u043f\u0435\u043d\u0437\u0438\u043e\u043d\u0435\u0440\u0430 \u0438\u043d\u0432\u0430\u043b\u0438\u0434\u0430 \u0438 \u0441\u043e\u0446\u0438\u0458\u0430\u043b\u043d\u0435 \u043f\u0440\u0430\u0432\u0434\u0435<\/strong><\/p>\n<p>Dr\u017eavna izborna komisija vr\u0161i pregled dostavljene dokumentacije koju propisuje \u010dlan 46 Zakona o izboru odbornika i poslanika, kao i potrebnu dokumentaciju za svakog kandidata sa liste. Tako\u0111e, Dr\u017eavna izborna komisija utvr\u0111uje da li lista ima potreban broj potpisa podr\u0161ke bira\u010da.<\/p>\n<p>Ukoliko utvrdi da izborna lista za izbor poslanika u Skup\u0161tinu Crne Gore naziva \u201c<em>\u0417\u0410 \u0411\u0423\u0414\u0423\u040b\u041d\u041e\u0421\u0422 \u0426\u0420\u041d\u0415 \u0413\u041e\u0420\u0415 &#8211; <\/em><em>\u0414\u0435\u043c\u043e\u043a\u0440\u0430\u0442\u0441\u043a\u0438 \u0444\u0440\u043e\u043d\u0442 (\u041d\u043e\u0432\u0430 \u0441\u0440\u043f\u0441\u043a\u0430 \u0434\u0435\u043c\u043e\u043a\u0440\u0430\u0442\u0438\u0458\u0430, \u041f\u043e\u043a\u0440\u0435\u0442 \u0437\u0430 \u043f\u0440\u043e\u043c\u0458\u0435\u043d\u0435, \u0414\u0435\u043c\u043e\u043a\u0440\u0430\u0442\u0441\u043a\u0430 \u043d\u0430\u0440\u043e\u0434\u043d\u0430 \u043f\u0430\u0440\u0442\u0438\u0458\u0430), \u0421\u043e\u0446\u0438\u0458\u0430\u043b\u0438\u0441\u0442\u0438\u0447\u043a\u0430 \u043d\u0430\u0440\u043e\u0434\u043d\u0430 \u043f\u0430\u0440\u0442\u0438\u0458\u0430 \u0426\u0440\u043d\u0435 \u0413\u043e\u0440\u0435, \u041f\u0440\u0430\u0432\u0430 \u0426\u0440\u043d\u0430 \u0413\u043e\u0440\u0430, \u0423\u0458\u0435\u0434\u0438\u045a\u0435\u043d\u0430 \u0426\u0440\u043d\u0430 \u0413\u043e\u0440\u0430, \u0420\u0430\u0434\u043d\u0438\u0447\u043a\u0430 \u043f\u0430\u0440\u0442\u0438\u0458\u0430, \u041f\u0430\u0440\u0442\u0438\u0458\u0430 \u0443\u0434\u0440\u0443\u0436\u0435\u043d\u0438\u0445 \u043f\u0435\u043d\u0437\u0438\u043e\u043d\u0435\u0440\u0430 \u0438 \u0438\u043d\u0432\u0430\u043b\u0438\u0434\u0430, \u0408\u0443\u0433\u043e\u0441\u043b\u043e\u0432\u0435\u043d\u0441\u043a\u0430 \u043a\u043e\u043c\u0443\u043d\u0438\u0441\u0442\u0438\u0447\u043a\u0430 \u043f\u0430\u0440\u0442\u0438\u0458\u0430 \u0426\u0440\u043d\u0435 \u0413\u043e\u0440\u0435, \u0421\u0440\u043f\u0441\u043a\u0430 \u0440\u0430\u0434\u0438\u043a\u0430\u043b\u043d\u0430 \u0441\u0442\u0440\u0430\u043d\u043a\u0430, \u0421\u0442\u0440\u0430\u043d\u043a\u0430 \u043f\u0435\u043d\u0437\u0438\u043e\u043d\u0435\u0440\u0430 \u0438\u043d\u0432\u0430\u043b\u0438\u0434\u0430 \u0438 \u0441\u043e\u0446\u0438\u0458\u0430\u043b\u043d\u0435 \u043f\u0440\u0430\u0432\u0434\u0435<\/em>\u201d sastavljena u skladu sa Zakonom o izboru odbornika i poslanika, Dr\u017eavna izborna komisija potvr\u0111uje i progla\u0161ava izboru listu.<\/p>\n<p>Ako DIK utvrdi da izborna lista sadr\u017ei odre\u0111ene nedostatke donije\u0107e, u roku od 48 sati od prijema izborne liste, zaklju\u010dak kojim se podnosiocu liste nala\u017ee da, najkasnije u roku od 48 \u010dasova od dostavljanja zaklju\u010dka, otkloni te nedostatke. Tim zaklju\u010dkom se podnosiocu ukazuje na radnje koje treba da obavi radi otklanjanja nedostataka.<\/p>\n","protected":false},"excerpt":{"rendered":"Demokratski front (Nova srpska demokratija, Pokret za promjene, Demokratska narodna partija), Socijalisti\u010dka narodna partija Crne Gore, Prava Crna Gora, Ujedinjena Crna Gora, Radni\u010dka partija, Partija udru\u017eenih penzionera i invalida, Jugoslovenska komunisti\u010dka partija Crne Gore, Srpska radikalna stranka, Stranka penzionera invalida i socijalne pravde predala je Dr\u017eavnoj izbornoj komisiji izbornu listu pod nazivom \u0417\u0410 \u0411\u0423\u0414\u0423\u040b\u041d\u041e\u0421\u0422 \u0426\u0420\u041d\u0415&#8230; <a href=\"https:\/\/dikcg.me\/wpold\/drzavnoj-izbornoj-komisiji-predata-izborna-lista\/\">Read more <i class=\"fas fa-angle-right\"><\/i><\/a>","protected":false},"author":56,"featured_media":0,"comment_status":"closed","ping_status":"closed","sticky":false,"template":"","format":"standard","meta":{"footnotes":""},"categories":[210],"tags":[256],"_links":{"self":[{"href":"https:\/\/dikcg.me\/wpold\/wp-json\/wp\/v2\/posts\/4842"}],"collection":[{"href":"https:\/\/dikcg.me\/wpold\/wp-json\/wp\/v2\/posts"}],"about":[{"href":"https:\/\/dikcg.me\/wpold\/wp-json\/wp\/v2\/types\/post"}],"author":[{"embeddable":true,"href":"https:\/\/dikcg.me\/wpold\/wp-json\/wp\/v2\/users\/56"}],"replies":[{"embeddable":true,"href":"https:\/\/dikcg.me\/wpold\/wp-json\/wp\/v2\/comments?post=4842"}],"version-history":[{"count":2,"href":"https:\/\/dikcg.me\/wpold\/wp-json\/wp\/v2\/posts\/4842\/revisions"}],"predecessor-version":[{"id":4844,"href":"https:\/\/dikcg.me\/wpold\/wp-json\/wp\/v2\/posts\/4842\/revisions\/4844"}],"wp:attachment":[{"href":"https:\/\/dikcg.me\/wpold\/wp-json\/wp\/v2\/media?parent=4842"}],"wp:term":[{"taxonomy":"category","embeddable":true,"href":"https:\/\/dikcg.me\/wpold\/wp-json\/wp\/v2\/categories?post=4842"},{"taxonomy":"post_tag","embeddable":true,"href":"https:\/\/dikcg.me\/wpold\/wp-json\/wp\/v2\/tags?post=4842"}],"curies":[{"name":"wp","href":"https:\/\/api.w.org\/{rel}","templated":true}]}}