{"id":4654,"date":"2020-07-30T17:22:49","date_gmt":"2020-07-30T16:22:49","guid":{"rendered":"https:\/\/dikcg.me\/wpold\/?p=4654"},"modified":"2020-07-30T17:23:38","modified_gmt":"2020-07-30T16:23:38","slug":"rajzing-rajnke-i-ivanovic-razgovarali-o-aktivnostima-dik-u-susret-parlamentanim-izborima","status":"publish","type":"post","link":"https:\/\/dikcg.me\/wpold\/rajzing-rajnke-i-ivanovic-razgovarali-o-aktivnostima-dik-u-susret-parlamentanim-izborima\/","title":{"rendered":"Rajzing Rajnke i Ivanovi\u0107 razgovarali o aktivnostima DIK u susret parlamentanim izborima"},"content":{"rendered":"<p class=\"s2\"><span class=\"s3\"><span class=\"bumpedFont15\">Ameri\u010dka amb<\/span><\/span><span class=\"s3\"><span class=\"bumpedFont15\">asadorka u Crnoj Gori D\u017eudi Rajzing Ra<\/span><\/span><span class=\"s3\"><span class=\"bumpedFont15\">jnke razgovarala je danas sa predsjednikom Dr\u017eavne izborne komisije Aleksom Ivanovi\u0107em.<br \/>\n<\/span><\/span><\/p>\n<p class=\"s2\" style=\"text-align: left;\"><span class=\"s3\"><span class=\"bumpedFont15\">Razgovarano je o aktivnostima Dr\u017eavn<\/span><\/span><span class=\"s3\"><span class=\"bumpedFont15\">e izborne komisije u susret parla<\/span><\/span><span class=\"s3\"><span class=\"bumpedFont15\">mentarnim izborima koji \u0107e se odr\u017eati 30. avgusta ove godine.<\/span><\/span><\/p>\n<p><span class=\"s3\"><span class=\"bumpedFont15\">U\u010desnici<\/span><\/span>\u00a0<span class=\"s3\"><span class=\"bumpedFont15\">sastanka<\/span><\/span> <span class=\"s3\"><span class=\"bumpedFont15\">su<\/span><\/span> <span class=\"s3\"><span class=\"bumpedFont15\">razmijenili<\/span><\/span> <span class=\"s3\"><span class=\"bumpedFont15\">gledi\u0161ta<\/span><\/span>\u00a0<span class=\"s3\"><span class=\"bumpedFont15\">oko niza\u00a0<\/span><\/span><span class=\"s3\"><span class=\"bumpedFont15\">pitanja<\/span><\/span><span class=\"s3\"><span class=\"bumpedFont15\">, <\/span><\/span><span class=\"s3\"><span class=\"bumpedFont15\">uklju\u010duju\u0107i\u00a0<\/span><\/span><span class=\"s3\"><span class=\"bumpedFont15\">bezbjedno<\/span><\/span> <span class=\"s3\"><span class=\"bumpedFont15\">sprovo\u0111enje<\/span><\/span>\u00a0<span class=\"s3\"><span class=\"bumpedFont15\">izbora tokom\u00a0<\/span><\/span><span class=\"s3\"><span class=\"bumpedFont15\">epidemije<\/span><\/span><span class=\"s3\"><span class=\"bumpedFont15\"> COVID-19, <\/span><\/span><span class=\"s3\"><span class=\"bumpedFont15\">o\u010duvanje<\/span><\/span>\u00a0<span class=\"s3\"><span class=\"bumpedFont15\">integriteta<\/span><\/span> <span class=\"s3\"><span class=\"bumpedFont15\">bira\u010dkog spiska<\/span><\/span>\u00a0<span class=\"s3\"><span class=\"bumpedFont15\">uz<\/span><\/span> <span class=\"s3\"><span class=\"bumpedFont15\">po\u0161tovanje<\/span><\/span>\u00a0<span class=\"s3\"><span class=\"bumpedFont15\">privatnosti<\/span><\/span> <span class=\"s3\"><span class=\"bumpedFont15\">li\u010dnih\u00a0<\/span><\/span><span class=\"s3\"><span class=\"bumpedFont15\">podataka<\/span><\/span><span class=\"s3\"><span class=\"bumpedFont15\">, <\/span><\/span><span class=\"s3\"><span class=\"bumpedFont15\">kao<\/span><\/span> <span class=\"s3\"><span class=\"bumpedFont15\">i<\/span><\/span><span class=\"s3\"><span class=\"bumpedFont15\"> da se <\/span><\/span><span class=\"s3\"><span class=\"bumpedFont15\">sporna<\/span><\/span> <span class=\"s3\"><span class=\"bumpedFont15\">pitanja<\/span><\/span><span class=\"s3\"><span class=\"bumpedFont15\"> u <\/span><\/span><span class=\"s3\"><span class=\"bumpedFont15\">vezi<\/span><\/span> <span class=\"s3\"><span class=\"bumpedFont15\">izbornog<\/span><\/span> <span class=\"s3\"><span class=\"bumpedFont15\">procesa<\/span><\/span> <span class=\"s3\"><span class=\"bumpedFont15\">rje\u0161avaju<\/span><\/span>\u00a0<span class=\"s3\"><span class=\"bumpedFont15\">na odgovaraju\u0107i<\/span><\/span>\u00a0<span class=\"s3\"><span class=\"bumpedFont15\">i<\/span><\/span> <span class=\"s3\"><span class=\"bumpedFont15\">pravovremen<\/span><\/span> <span class=\"s3\"><span class=\"bumpedFont15\">na\u010din.<\/span><\/span><\/p>\n<p class=\"s2\"><span class=\"s3\"><span class=\"bumpedFont15\">Sa<\/span><\/span><span class=\"s3\"><span class=\"bumpedFont15\">stanku koji je odr\u017ean putem Webe<\/span><\/span><span class=\"s3\"><span class=\"bumpedFont15\">x platfor<\/span><\/span><span class=\"s3\"><span class=\"bumpedFont15\">me prisusutvovali su i Luis Git<\/span><\/span><span class=\"s3\"><span class=\"bumpedFont15\">er, \u0161ef <\/span><\/span><span class=\"s3\"><span class=\"bumpedFont15\">politi\u010dko-ekonomskog odjeljenja<\/span><\/span>\u00a0<span class=\"s3\"><span class=\"bumpedFont15\">i<\/span><\/span><span class=\"s3\"><span class=\"bumpedFont15\"> Zlatko <\/span><\/span><span class=\"s3\"><span class=\"bumpedFont15\">Ivanovi\u0107<\/span><\/span><span class=\"s3\"><span class=\"bumpedFont15\">, <\/span><\/span><span class=\"s3\"><span class=\"bumpedFont15\">savjetnik<\/span><\/span> <span class=\"s3\"><span class=\"bumpedFont15\">za<\/span><\/span> <span class=\"s3\"><span class=\"bumpedFont15\">politi\u010dka<\/span><\/span> <span class=\"s3\"><span class=\"bumpedFont15\">pitanja<\/span><\/span><span class=\"s3\"><span class=\"bumpedFont15\"> u <\/span><\/span><span class=\"s3\"><span class=\"bumpedFont15\">ameri\u010dkoj<\/span><\/span> <span class=\"s3\"><span class=\"bumpedFont15\">Ambasadi<\/span><\/span><span class=\"s3\"><span class=\"bumpedFont15\"> u <\/span><\/span><span class=\"s3\"><span class=\"bumpedFont15\">Podgorici<\/span><\/span><span class=\"s3\"><span class=\"bumpedFont15\">, <\/span><\/span><span class=\"s3\"><span class=\"bumpedFont15\">dok<\/span><\/span> <span class=\"s3\"><span class=\"bumpedFont15\">su<\/span><\/span> <span class=\"s3\"><span class=\"bumpedFont15\">Dr\u017eavnu<\/span><\/span> <span class=\"s3\"><span class=\"bumpedFont15\">izbornu komisiju\u00a0<\/span><\/span><span class=\"s3\"><span class=\"bumpedFont15\">predstavljali<\/span><\/span><span class=\"s3\"><span class=\"bumpedFont15\"> Elisa <\/span><\/span><span class=\"s3\"><span class=\"bumpedFont15\">Nurkovi\u0107<\/span><\/span> <span class=\"s3\"><span class=\"bumpedFont15\">i<\/span><\/span><span class=\"s3\"><span class=\"bumpedFont15\"> Nikola <\/span><\/span><span class=\"s3\"><span class=\"bumpedFont15\">Mugo\u0161a<\/span><\/span><span class=\"s3\"><span class=\"bumpedFont15\">, <\/span><\/span><span class=\"s3\"><span class=\"bumpedFont15\">savjetnici<\/span><\/span> <span class=\"s3\"><span class=\"bumpedFont15\">za<\/span><\/span> <span class=\"s3\"><span class=\"bumpedFont15\">pravna<\/span><\/span> <span class=\"s3\"><span class=\"bumpedFont15\">pitanja<\/span><\/span><span class=\"s3\"><span class=\"bumpedFont15\">.<\/span><\/span><\/p>\n","protected":false},"excerpt":{"rendered":"Ameri\u010dka ambasadorka u Crnoj Gori D\u017eudi Rajzing Rajnke razgovarala je danas sa predsjednikom Dr\u017eavne izborne komisije Aleksom Ivanovi\u0107em. Razgovarano je o aktivnostima Dr\u017eavne izborne komisije u susret parlamentarnim izborima koji \u0107e se odr\u017eati 30. avgusta ove godine. U\u010desnici\u00a0sastanka su razmijenili gledi\u0161ta\u00a0oko niza\u00a0pitanja, uklju\u010duju\u0107i\u00a0bezbjedno sprovo\u0111enje\u00a0izbora tokom\u00a0epidemije COVID-19, o\u010duvanje\u00a0integriteta bira\u010dkog spiska\u00a0uz po\u0161tovanje\u00a0privatnosti li\u010dnih\u00a0podataka, kao i da se&#8230; <a href=\"https:\/\/dikcg.me\/wpold\/rajzing-rajnke-i-ivanovic-razgovarali-o-aktivnostima-dik-u-susret-parlamentanim-izborima\/\">Read more <i class=\"fas fa-angle-right\"><\/i><\/a>","protected":false},"author":56,"featured_media":0,"comment_status":"closed","ping_status":"closed","sticky":false,"template":"","format":"standard","meta":{"footnotes":""},"categories":[16,15],"tags":[],"_links":{"self":[{"href":"https:\/\/dikcg.me\/wpold\/wp-json\/wp\/v2\/posts\/4654"}],"collection":[{"href":"https:\/\/dikcg.me\/wpold\/wp-json\/wp\/v2\/posts"}],"about":[{"href":"https:\/\/dikcg.me\/wpold\/wp-json\/wp\/v2\/types\/post"}],"author":[{"embeddable":true,"href":"https:\/\/dikcg.me\/wpold\/wp-json\/wp\/v2\/users\/56"}],"replies":[{"embeddable":true,"href":"https:\/\/dikcg.me\/wpold\/wp-json\/wp\/v2\/comments?post=4654"}],"version-history":[{"count":2,"href":"https:\/\/dikcg.me\/wpold\/wp-json\/wp\/v2\/posts\/4654\/revisions"}],"predecessor-version":[{"id":4656,"href":"https:\/\/dikcg.me\/wpold\/wp-json\/wp\/v2\/posts\/4654\/revisions\/4656"}],"wp:attachment":[{"href":"https:\/\/dikcg.me\/wpold\/wp-json\/wp\/v2\/media?parent=4654"}],"wp:term":[{"taxonomy":"category","embeddable":true,"href":"https:\/\/dikcg.me\/wpold\/wp-json\/wp\/v2\/categories?post=4654"},{"taxonomy":"post_tag","embeddable":true,"href":"https:\/\/dikcg.me\/wpold\/wp-json\/wp\/v2\/tags?post=4654"}],"curies":[{"name":"wp","href":"https:\/\/api.w.org\/{rel}","templated":true}]}}