{"id":4641,"date":"2020-07-31T09:10:15","date_gmt":"2020-07-31T08:10:15","guid":{"rendered":"https:\/\/dikcg.me\/wpold\/?p=4641"},"modified":"2022-06-27T08:44:24","modified_gmt":"2022-06-27T07:44:24","slug":"zapisnik-sa-124-sjednice","status":"publish","type":"post","link":"https:\/\/dikcg.me\/wpold\/zapisnik-sa-124-sjednice\/","title":{"rendered":"Zapisnik sa 124. sjednice"},"content":{"rendered":"<p><strong><u>Ad \u2013 1<\/u><\/strong><br \/>\nKomisija je jednoglasno usvojila zapisnik sa 123. sjednice.<\/p>\n<p><strong><u>Ad \u2013 2<\/u><\/strong><br \/>\nKomisija je nakon uvida u propisanu dokumentaciju, rje\u0161enjem utvrdila i proglasila izbornu listu SDP \u2013 JAKA CRNA GORA! koju je podnijela Socijaldemokratska partija Crne Gore. Komisija je donijela Zaklju\u010dak o ispunjenju uslova za odre\u0111ivanje opunomo\u0107enih predstavnika u pro\u0161ireni sastav organa za sprovo\u0111enje izbora, koji \u0107e biti dostavljen podnosiocu liste u zakonskom roku.<\/p>\n<p><strong><u>Ad \u2013 3<\/u><\/strong><br \/>\nKomisija se upoznala sa zahtjevom za mi\u0161ljenje Demokratske Crne Gore.\u00a0 Nakon \u0161to je konstatovano da upu\u0107ena pitanja nijesu u nadle\u017enosti Komisije, odlu\u010deno je da dopis bude proslije\u0111en Nacionalnom koordinacionom tijelu za zarazne bolesti.<\/p>\n<p><strong><u>Ad \u2013 4<\/u><\/strong><br \/>\nKomisija je pozitivno odgovorila na zahtjev predsjednice CDT-a Milice Kova\u010devi\u0107 da joj se omogu\u0107i uvid u potpise podr\u0161ke koje dostavljaju izborne liste, bez uvida u li\u010dne podatke potpisnika.<br \/>\nRazmotrena je i inicijativa Izborne komisije Glavnog grada da se u uslovima aktuelne epidemiolo\u0161ke situacije razmotri mogu\u0107nost za pove\u0107anje naknada predsjednicima i \u010dlanovima bira\u010dkih odbora, te odlu\u010dila da \u0107e se o inicijativi izjasniiti nakon sagledavanja finansijskih mogu\u0107nosti.<\/p>\n","protected":false},"excerpt":{"rendered":"Ad \u2013 1 Komisija je jednoglasno usvojila zapisnik sa 123. sjednice. Ad \u2013 2 Komisija je nakon uvida u propisanu dokumentaciju, rje\u0161enjem utvrdila i proglasila izbornu listu SDP \u2013 JAKA CRNA GORA! koju je podnijela Socijaldemokratska partija Crne Gore. Komisija je donijela Zaklju\u010dak o ispunjenju uslova za odre\u0111ivanje opunomo\u0107enih predstavnika u pro\u0161ireni sastav organa za&#8230; <a href=\"https:\/\/dikcg.me\/wpold\/zapisnik-sa-124-sjednice\/\">Read more <i class=\"fas fa-angle-right\"><\/i><\/a>","protected":false},"author":56,"featured_media":0,"comment_status":"closed","ping_status":"closed","sticky":false,"template":"","format":"standard","meta":{"footnotes":""},"categories":[18],"tags":[247],"_links":{"self":[{"href":"https:\/\/dikcg.me\/wpold\/wp-json\/wp\/v2\/posts\/4641"}],"collection":[{"href":"https:\/\/dikcg.me\/wpold\/wp-json\/wp\/v2\/posts"}],"about":[{"href":"https:\/\/dikcg.me\/wpold\/wp-json\/wp\/v2\/types\/post"}],"author":[{"embeddable":true,"href":"https:\/\/dikcg.me\/wpold\/wp-json\/wp\/v2\/users\/56"}],"replies":[{"embeddable":true,"href":"https:\/\/dikcg.me\/wpold\/wp-json\/wp\/v2\/comments?post=4641"}],"version-history":[{"count":1,"href":"https:\/\/dikcg.me\/wpold\/wp-json\/wp\/v2\/posts\/4641\/revisions"}],"predecessor-version":[{"id":4642,"href":"https:\/\/dikcg.me\/wpold\/wp-json\/wp\/v2\/posts\/4641\/revisions\/4642"}],"wp:attachment":[{"href":"https:\/\/dikcg.me\/wpold\/wp-json\/wp\/v2\/media?parent=4641"}],"wp:term":[{"taxonomy":"category","embeddable":true,"href":"https:\/\/dikcg.me\/wpold\/wp-json\/wp\/v2\/categories?post=4641"},{"taxonomy":"post_tag","embeddable":true,"href":"https:\/\/dikcg.me\/wpold\/wp-json\/wp\/v2\/tags?post=4641"}],"curies":[{"name":"wp","href":"https:\/\/api.w.org\/{rel}","templated":true}]}}