{"id":4567,"date":"2020-07-24T15:43:35","date_gmt":"2020-07-24T14:43:35","guid":{"rendered":"https:\/\/dikcg.me\/wpold\/?p=4567"},"modified":"2022-06-27T08:44:59","modified_gmt":"2022-06-27T07:44:59","slug":"zapisnik-sa-121-sjednice","status":"publish","type":"post","link":"https:\/\/dikcg.me\/wpold\/zapisnik-sa-121-sjednice\/","title":{"rendered":"Zapisnik sa 121. sjednice"},"content":{"rendered":"<p><strong><u>Ad \u2013 1<\/u><\/strong><br \/>\nKomisija je jednoglasno usvojila <a href=\"https:\/\/dikcg.me\/wpold\/wp-content\/uploads\/2020\/07\/Zapisnik120.pdf\">zapisnik sa 120. sjednice<\/a>.<\/p>\n<p><strong><u>Ad \u2013 2<\/u><\/strong><br \/>\nKomisija je razmotrila <a href=\"https:\/\/dikcg.me\/wpold\/wp-content\/uploads\/2020\/07\/Scan1.pdf\">prigovor predsjednika OO Demokrata Kotor Vladimira Joki\u0107a<\/a> i odlu\u010dila da je prigovor osnovan. Tekst <a href=\"https:\/\/dikcg.me\/wpold\/wp-content\/uploads\/2020\/07\/Rje%C5%A1enje-DEmokrate-23.07..pdf\">Rje\u0161enja<\/a> \u010dini sastavni dio ovog zapisnika.<br \/>\nKomisija je nakon \u0161to je konstatovala da Kalendar za sprovo\u0111enje izbornih radnji treba usaglasiti sa Zakonom o izboru odbornika i poslanika odlu\u010dila da se obrati Op\u0161tinskoj izbornoj komisiji Kotor. <a href=\"https:\/\/dikcg.me\/wpold\/wp-content\/uploads\/2020\/07\/Dopis-OIK-Kotor.pdf\">Tekst dopisa<\/a> \u010dini sastavni dio ovog zapisnika.<\/p>\n<p><strong><u>Ad \u2013 3<\/u><\/strong><br \/>\nKomisija je razmotrila zahtjev za mi\u0161ljenje Izborne komisije prijestonice i odlu\u010dila da Izbornoj komisiji uputi <a href=\"https:\/\/dikcg.me\/wpold\/wp-content\/uploads\/2018\/12\/OIK-CT.pdf\">mi\u0161ljenje<\/a> koje je ve\u0107 dala za sli\u010dnu pravnu situaciju.<\/p>\n<p><strong><u>Ad \u2013 4<\/u><\/strong><br \/>\nPredsjednik je informisao \u010dlanove da je razgovarao sa ambasadorkom Misije u Crnoj Gori Mariz Davije. Izme\u0111u ostalog, na sastanku je razgovarano o modalitetima pomo\u0107i od strane OEBS-a u organizaciji izbora u vrijeme epidemije COVID-19. Predsjednik je ovlastio Nikolu Mugo\u0161u, samostalnog savjetnika u Komisiji da obavi razgovore sa savjetnikom ambasadorke Darkom Brajovi\u0107em, kako bi se u neposrednom kontaktu konkretizovali predlozi podr\u0161ke, o \u010demu \u0107e Komisija biti informisana.<\/p>\n","protected":false},"excerpt":{"rendered":"Ad \u2013 1 Komisija je jednoglasno usvojila zapisnik sa 120. sjednice. Ad \u2013 2 Komisija je razmotrila prigovor predsjednika OO Demokrata Kotor Vladimira Joki\u0107a i odlu\u010dila da je prigovor osnovan. Tekst Rje\u0161enja \u010dini sastavni dio ovog zapisnika. Komisija je nakon \u0161to je konstatovala da Kalendar za sprovo\u0111enje izbornih radnji treba usaglasiti sa Zakonom o izboru&#8230; <a href=\"https:\/\/dikcg.me\/wpold\/zapisnik-sa-121-sjednice\/\">Read more <i class=\"fas fa-angle-right\"><\/i><\/a>","protected":false},"author":56,"featured_media":0,"comment_status":"closed","ping_status":"closed","sticky":false,"template":"","format":"standard","meta":{"footnotes":""},"categories":[18],"tags":[247],"_links":{"self":[{"href":"https:\/\/dikcg.me\/wpold\/wp-json\/wp\/v2\/posts\/4567"}],"collection":[{"href":"https:\/\/dikcg.me\/wpold\/wp-json\/wp\/v2\/posts"}],"about":[{"href":"https:\/\/dikcg.me\/wpold\/wp-json\/wp\/v2\/types\/post"}],"author":[{"embeddable":true,"href":"https:\/\/dikcg.me\/wpold\/wp-json\/wp\/v2\/users\/56"}],"replies":[{"embeddable":true,"href":"https:\/\/dikcg.me\/wpold\/wp-json\/wp\/v2\/comments?post=4567"}],"version-history":[{"count":3,"href":"https:\/\/dikcg.me\/wpold\/wp-json\/wp\/v2\/posts\/4567\/revisions"}],"predecessor-version":[{"id":4574,"href":"https:\/\/dikcg.me\/wpold\/wp-json\/wp\/v2\/posts\/4567\/revisions\/4574"}],"wp:attachment":[{"href":"https:\/\/dikcg.me\/wpold\/wp-json\/wp\/v2\/media?parent=4567"}],"wp:term":[{"taxonomy":"category","embeddable":true,"href":"https:\/\/dikcg.me\/wpold\/wp-json\/wp\/v2\/categories?post=4567"},{"taxonomy":"post_tag","embeddable":true,"href":"https:\/\/dikcg.me\/wpold\/wp-json\/wp\/v2\/tags?post=4567"}],"curies":[{"name":"wp","href":"https:\/\/api.w.org\/{rel}","templated":true}]}}