{"id":4230,"date":"2020-07-01T11:00:57","date_gmt":"2020-07-01T10:00:57","guid":{"rendered":"https:\/\/dikcg.me\/wpold\/?p=4230"},"modified":"2022-06-27T08:46:06","modified_gmt":"2022-06-27T07:46:06","slug":"zapisnik-sa-113-sjednice","status":"publish","type":"post","link":"https:\/\/dikcg.me\/wpold\/zapisnik-sa-113-sjednice\/","title":{"rendered":"Zapisnik sa 113. sjednice"},"content":{"rendered":"<p><strong><u>Ad \u2013 1<\/u><\/strong><br \/>\nKomisija je jednoglasno usvojila zapisnike sa <a href=\"https:\/\/dikcg.me\/wpold\/wp-content\/uploads\/2020\/06\/Zapisnik-111.pdf\">111<\/a>. i <a href=\"https:\/\/dikcg.me\/wpold\/wp-content\/uploads\/2020\/06\/Zapisnik112.pdf\">112. <\/a>sjednice.<\/p>\n<p><strong><u>Ad \u2013 2<\/u><\/strong><br \/>\nNa sjednici je konstatovano da je saglasno Poslovniku o radu Dr\u017eavne izborne komisije popuna upra\u017enjenog poslani\u010dkog mjesta izvr\u0161ena elektronskim putem.<br \/>\n<a href=\"https:\/\/dikcg.me\/wpold\/wp-content\/uploads\/2020\/06\/Rados-Zecevic.pdf\">Izvje\u0161taj o popuni upra\u017enjenog poslani\u010dkog mjesta<\/a> \u010dini sastavni dio ovog zapisnika.<\/p>\n<p><strong><u>Ad \u2013 3<\/u><\/strong><br \/>\nKomisija je jednoglasno utvrdila <a href=\"https:\/\/dikcg.me\/wpold\/wp-content\/uploads\/2020\/06\/kalendar-izbornih-radnji.pdf\">Kalendar rokova za sprovo\u0111enje izbornih radnji na izborima za izbor poslanika u Skup\u0161tinu Crne Gore<\/a> koji \u0107e se odr\u017eati 30. avgusta 2020.godine. Kalendar je objavljen i na <a href=\"https:\/\/dikcg.me\/wpold\/\">web stranici Komisije<\/a>.<\/p>\n<p><strong><span style=\"text-decoration: underline;\">A<\/span><u><strong>d<\/strong> \u2013 4\u00a0 i\u00a0 Ad \u2013 5<\/u><\/strong><br \/>\nKomisija je razmotrila <a href=\"https:\/\/dikcg.me\/wpold\/wp-content\/uploads\/2020\/07\/Dopis-DIK-preporuke-za-pobolj\u0161anje.pdf\">dopis Saveza Slijepih<\/a> i <a href=\"https:\/\/dikcg.me\/wpold\/wp-content\/uploads\/2020\/07\/21-VI-20-Inicijativa-UMHCG-DIK.pdf\">inicijativu Udru\u017eenja mladih sa hendikepom<\/a>. Razmatraju\u0107i pojedina\u010dne preporuke, Komisija je iskazala punu spremnost za pobolj\u0161anje prava i procedura glasanja osoba sa invaliditetom, u skladu sa zakonskim odredbama, kao i potvr\u0111enim me\u0111unarodnim konvencijama koje tretiraju ovo pitanje. Komisija je ovlastila predsjednika i sekretara da provjere mogu\u0107nost tehni\u010dke realizacije da pojedine preporuke budu implementirane u nastupaju\u0107em izbornom procesu.<\/p>\n","protected":false},"excerpt":{"rendered":"Ad \u2013 1 Komisija je jednoglasno usvojila zapisnike sa 111. i 112. sjednice. Ad \u2013 2 Na sjednici je konstatovano da je saglasno Poslovniku o radu Dr\u017eavne izborne komisije popuna upra\u017enjenog poslani\u010dkog mjesta izvr\u0161ena elektronskim putem. Izvje\u0161taj o popuni upra\u017enjenog poslani\u010dkog mjesta \u010dini sastavni dio ovog zapisnika. Ad \u2013 3 Komisija je jednoglasno utvrdila Kalendar&#8230; <a href=\"https:\/\/dikcg.me\/wpold\/zapisnik-sa-113-sjednice\/\">Read more <i class=\"fas fa-angle-right\"><\/i><\/a>","protected":false},"author":56,"featured_media":0,"comment_status":"closed","ping_status":"closed","sticky":false,"template":"","format":"standard","meta":{"footnotes":""},"categories":[18],"tags":[247],"_links":{"self":[{"href":"https:\/\/dikcg.me\/wpold\/wp-json\/wp\/v2\/posts\/4230"}],"collection":[{"href":"https:\/\/dikcg.me\/wpold\/wp-json\/wp\/v2\/posts"}],"about":[{"href":"https:\/\/dikcg.me\/wpold\/wp-json\/wp\/v2\/types\/post"}],"author":[{"embeddable":true,"href":"https:\/\/dikcg.me\/wpold\/wp-json\/wp\/v2\/users\/56"}],"replies":[{"embeddable":true,"href":"https:\/\/dikcg.me\/wpold\/wp-json\/wp\/v2\/comments?post=4230"}],"version-history":[{"count":4,"href":"https:\/\/dikcg.me\/wpold\/wp-json\/wp\/v2\/posts\/4230\/revisions"}],"predecessor-version":[{"id":4281,"href":"https:\/\/dikcg.me\/wpold\/wp-json\/wp\/v2\/posts\/4230\/revisions\/4281"}],"wp:attachment":[{"href":"https:\/\/dikcg.me\/wpold\/wp-json\/wp\/v2\/media?parent=4230"}],"wp:term":[{"taxonomy":"category","embeddable":true,"href":"https:\/\/dikcg.me\/wpold\/wp-json\/wp\/v2\/categories?post=4230"},{"taxonomy":"post_tag","embeddable":true,"href":"https:\/\/dikcg.me\/wpold\/wp-json\/wp\/v2\/tags?post=4230"}],"curies":[{"name":"wp","href":"https:\/\/api.w.org\/{rel}","templated":true}]}}