{"id":4167,"date":"2020-06-21T14:43:08","date_gmt":"2020-06-21T13:43:08","guid":{"rendered":"https:\/\/dikcg.me\/wpold\/?p=4167"},"modified":"2021-12-16T14:44:51","modified_gmt":"2021-12-16T13:44:51","slug":"saziv-za-113-sjednicu","status":"publish","type":"post","link":"https:\/\/dikcg.me\/wpold\/saziv-za-113-sjednicu\/","title":{"rendered":"Saziv za 113. sjednicu"},"content":{"rendered":"<p style=\"text-align: center;\">Na osnovu \u010dlana 5 stav 1 Poslovnika o radu Dr\u017eavne izborne komisije (Slu\u017ebeni list Crne Gore broj 8\/15)<\/p>\n<p style=\"text-align: center;\"><strong>S A Z I V A M<\/strong><br \/>\n113. sjednicu Dr\u017eavne izborne komisije<br \/>\nza 22.06.2020. godine<\/p>\n<p style=\"text-align: center;\">Za sjednicu predla\u017eem sljede\u0107i<\/p>\n<p><strong>DNEVNI RED<\/strong><\/p>\n<ol>\n<li>Usvajanje Zapisnika sa 111. i 112. sjednice;<\/li>\n<li>Konstatacija verifikacije mandata poslaniku Rado\u0161u Ze\u010devi\u0107u sa izborne liste \u201eDEMOKRATSKI FRONT \u2013 MI ILI ON\u201c &#8211; (Nova srpska demokratija, Pokret za promjene, Demokratska narodna partija Crne Gore, Radni\u010dka partija, Demokratska srpska stranka, Pokret za Pljevlja, Srpska radikalna stranka, Jugoslovenska komunisti\u010dka partija Crne Gore, Partija udru\u017eenih penzionera i invalida Crne Gore i Grupa bira\u010da \u2013 Otpor bezna\u0111u);<\/li>\n<li>Utvr\u0111ivanje Kalendara rokova za sprovo\u0111enje izbornih radnji na izborima za izbor poslanika u Skup\u0161tinu Crne Gore koji \u0107e se odr\u017eati 30. avgusta 2020.godine;<\/li>\n<li>Dopis Saveza slijepih Crne Gore sa preporukama za pobolj\u0161anje izbornih prava, procedura i procesa glasanja za osobe o\u0161te\u0107enog vida;<\/li>\n<li>Inicijativa Udru\u017eenja mladih sa hendikepom za obezbje\u0111ivanje pristupa\u010dnosti bira\u010dkog mjesta i uslova glasanja za osobe sa invaliditetom<\/li>\n<li>Teku\u0107a pitanja.<\/li>\n<\/ol>\n<p>&nbsp;<\/p>\n<p>Sjednica \u0107e se odr\u017eati u prostorijama Komisije, ul. Novaka Milo\u0161eva br. 8, sa po\u010detkom u 10 sati.<\/p>\n<p>&nbsp;<\/p>\n","protected":false},"excerpt":{"rendered":"Na osnovu \u010dlana 5 stav 1 Poslovnika o radu Dr\u017eavne izborne komisije (Slu\u017ebeni list Crne Gore broj 8\/15) S A Z I V A M 113. sjednicu Dr\u017eavne izborne komisije za 22.06.2020. godine Za sjednicu predla\u017eem sljede\u0107i DNEVNI RED Usvajanje Zapisnika sa 111. i 112. sjednice; Konstatacija verifikacije mandata poslaniku Rado\u0161u Ze\u010devi\u0107u sa izborne liste&#8230; <a href=\"https:\/\/dikcg.me\/wpold\/saziv-za-113-sjednicu\/\">Read more <i class=\"fas fa-angle-right\"><\/i><\/a>","protected":false},"author":56,"featured_media":0,"comment_status":"closed","ping_status":"closed","sticky":false,"template":"","format":"standard","meta":{"footnotes":""},"categories":[18],"tags":[246],"_links":{"self":[{"href":"https:\/\/dikcg.me\/wpold\/wp-json\/wp\/v2\/posts\/4167"}],"collection":[{"href":"https:\/\/dikcg.me\/wpold\/wp-json\/wp\/v2\/posts"}],"about":[{"href":"https:\/\/dikcg.me\/wpold\/wp-json\/wp\/v2\/types\/post"}],"author":[{"embeddable":true,"href":"https:\/\/dikcg.me\/wpold\/wp-json\/wp\/v2\/users\/56"}],"replies":[{"embeddable":true,"href":"https:\/\/dikcg.me\/wpold\/wp-json\/wp\/v2\/comments?post=4167"}],"version-history":[{"count":2,"href":"https:\/\/dikcg.me\/wpold\/wp-json\/wp\/v2\/posts\/4167\/revisions"}],"predecessor-version":[{"id":4195,"href":"https:\/\/dikcg.me\/wpold\/wp-json\/wp\/v2\/posts\/4167\/revisions\/4195"}],"wp:attachment":[{"href":"https:\/\/dikcg.me\/wpold\/wp-json\/wp\/v2\/media?parent=4167"}],"wp:term":[{"taxonomy":"category","embeddable":true,"href":"https:\/\/dikcg.me\/wpold\/wp-json\/wp\/v2\/categories?post=4167"},{"taxonomy":"post_tag","embeddable":true,"href":"https:\/\/dikcg.me\/wpold\/wp-json\/wp\/v2\/tags?post=4167"}],"curies":[{"name":"wp","href":"https:\/\/api.w.org\/{rel}","templated":true}]}}