{"id":4106,"date":"2020-03-23T11:29:50","date_gmt":"2020-03-23T10:29:50","guid":{"rendered":"https:\/\/dikcg.me\/wpold\/?p=4106"},"modified":"2021-12-17T22:44:59","modified_gmt":"2021-12-17T21:44:59","slug":"odluka-o-prekidu-svih-izbornih-radnji-u-sprovodenju-izbora-za-izbor-odbornika-u-so-tivat","status":"publish","type":"post","link":"https:\/\/dikcg.me\/wpold\/odluka-o-prekidu-svih-izbornih-radnji-u-sprovodenju-izbora-za-izbor-odbornika-u-so-tivat\/","title":{"rendered":"Odluka o prekidu svih izbornih radnji u sprovo\u0111enju izbora za izbor odbornika u SO Tivat"},"content":{"rendered":"<p>Na osnovu \u010dlana 32 Zakona o izboru odbornika i poslanika (&#8220;Slu\u017ebeni list RCG&#8221;, br. 4\/98, 5\/98, 17\/98, 14\/00, 18\/00, 9\/01, 41\/02, 46\/02 45\/04, 48\/06, 56\/06 i &#8220;Slu\u017ebeni list CG&#8221;, br. 46\/11, 14\/14, 47\/14,12\/16, 60\/17 i 10\/18) Dr\u017eavna izborna komisija na sjednici odr\u017eanoj 23.03.2020.godine, donijela je<\/p>\n<p>&nbsp;<\/p>\n<p style=\"text-align: center;\">ODLUKU<\/p>\n<p style=\"text-align: center;\">O PREKIDU SVIH IZBORNIH RADNJI U SPROVO\u0110ENJU IZBORA ZA IZBOR ODBORNIKA U SKUP\u0160TINU OP\u0160TINE TIVAT RASPISANIH ZA 5. APRIL 2020.GODINE<\/p>\n<p>&nbsp;<\/p>\n<p><strong>I <\/strong>Prekidaju se sve izborne radnje u sprovo\u0111enju izbora za izbor odbornika u Skup\u0161tinu op\u0161tine Tivat, po\u010dev od dana dono\u0161enja ove odluke, u skladu sa Odlukom o izmjeni Odluke o raspisivanju izbora za odbornike u Skup\u0161tini op\u0161tine Tivat broj 01-230\/3 od 20.03.2020.godine.<\/p>\n<p><strong>II<\/strong> Prestaju da teku svi rokovi za vr\u0161enje izbornih radnji u postupku sprovo\u0111enja izbora iz ta\u010dke 1 ove odluke utvr\u0111eni Zakonom o izboru odbornika i poslanika i podzakonskim aktima.<\/p>\n<p><strong>III <\/strong>Novi rokovi za vr\u0161enje izbornih radnji u postupku sprovo\u0111enja izbora za izbor odbornika u Skup\u0161tinu op\u0161tine Tivat bi\u0107e odre\u0111eni nakon utvr\u0111ivanja novog datuma odr\u017eavanja izbora od strane Predsjednika Crne Gore.<\/p>\n<p><strong>IV<\/strong> Sve do sada preduzete izborne radnje u postupku sprovo\u0111enja izbora iz ta\u010dke 1 ove odluke ostaju na pravnoj snazi.<\/p>\n","protected":false},"excerpt":{"rendered":"Na osnovu \u010dlana 32 Zakona o izboru odbornika i poslanika (&#8220;Slu\u017ebeni list RCG&#8221;, br. 4\/98, 5\/98, 17\/98, 14\/00, 18\/00, 9\/01, 41\/02, 46\/02 45\/04, 48\/06, 56\/06 i &#8220;Slu\u017ebeni list CG&#8221;, br. 46\/11, 14\/14, 47\/14,12\/16, 60\/17 i 10\/18) Dr\u017eavna izborna komisija na sjednici odr\u017eanoj 23.03.2020.godine, donijela je &nbsp; ODLUKU O PREKIDU SVIH IZBORNIH RADNJI U SPROVO\u0110ENJU IZBORA&#8230; <a href=\"https:\/\/dikcg.me\/wpold\/odluka-o-prekidu-svih-izbornih-radnji-u-sprovodenju-izbora-za-izbor-odbornika-u-so-tivat\/\">Read more <i class=\"fas fa-angle-right\"><\/i><\/a>","protected":false},"author":56,"featured_media":0,"comment_status":"closed","ping_status":"closed","sticky":false,"template":"","format":"standard","meta":{"footnotes":""},"categories":[207],"tags":[249],"_links":{"self":[{"href":"https:\/\/dikcg.me\/wpold\/wp-json\/wp\/v2\/posts\/4106"}],"collection":[{"href":"https:\/\/dikcg.me\/wpold\/wp-json\/wp\/v2\/posts"}],"about":[{"href":"https:\/\/dikcg.me\/wpold\/wp-json\/wp\/v2\/types\/post"}],"author":[{"embeddable":true,"href":"https:\/\/dikcg.me\/wpold\/wp-json\/wp\/v2\/users\/56"}],"replies":[{"embeddable":true,"href":"https:\/\/dikcg.me\/wpold\/wp-json\/wp\/v2\/comments?post=4106"}],"version-history":[{"count":4,"href":"https:\/\/dikcg.me\/wpold\/wp-json\/wp\/v2\/posts\/4106\/revisions"}],"predecessor-version":[{"id":4114,"href":"https:\/\/dikcg.me\/wpold\/wp-json\/wp\/v2\/posts\/4106\/revisions\/4114"}],"wp:attachment":[{"href":"https:\/\/dikcg.me\/wpold\/wp-json\/wp\/v2\/media?parent=4106"}],"wp:term":[{"taxonomy":"category","embeddable":true,"href":"https:\/\/dikcg.me\/wpold\/wp-json\/wp\/v2\/categories?post=4106"},{"taxonomy":"post_tag","embeddable":true,"href":"https:\/\/dikcg.me\/wpold\/wp-json\/wp\/v2\/tags?post=4106"}],"curies":[{"name":"wp","href":"https:\/\/api.w.org\/{rel}","templated":true}]}}