{"id":3787,"date":"2019-10-10T13:07:02","date_gmt":"2019-10-10T12:07:02","guid":{"rendered":"https:\/\/dikcg.me\/wpold\/?p=3787\/"},"modified":"2019-10-10T13:14:11","modified_gmt":"2019-10-10T12:14:11","slug":"drzavna-izborna-komisija-crne-gore-u-studijskoj-posjeti-republici-hrvatskoj","status":"publish","type":"post","link":"https:\/\/dikcg.me\/wpold\/drzavna-izborna-komisija-crne-gore-u-studijskoj-posjeti-republici-hrvatskoj\/","title":{"rendered":"Dr\u017eavna izborna komisija Crne Gore u studijskoj posjeti Republici Hrvatskoj"},"content":{"rendered":"<p>U organizaciji\u00a0 Misije OEBS-a u Crnoj Gori, organizovana je studijska posjeta Republici Hrvatskoj, za predstavnike Dr\u017eavne izborne komisije u periodu od 2.-5. oktobra 2019. godine.<\/p>\n<p>Delegaciju Dr\u017eavne izborne komisije \u010dinili su: \u0110or\u0111ije Vuk\u010devi\u0107, predsjednik, Veljo \u010ca\u0111enovi\u0107, sekretar, Milijana Radulovi\u0107, Elisa Nurkovi\u0107 i Nikola Mugo\u0161a, samostalni savjetnici, i Darko Brajovi\u0107, nacionalni programski savjetnik za demokratizaciju u Misiji OEBS-a u Crnoj Gori.<\/p>\n<p>Cilj studijske posjete bio je predstavljanje izbornog sistema u Hrvatskoj i dobre prakse u implementaciji izbornih zakona, kao i razmjene iskustava.<\/p>\n<p>Sastanci su organizovani sa: Ministarstvom uprave, Ministarstvom unutarnjih poslova, Dr\u017eavnim izbornim povjerenstvom i biv\u0161im izvr\u0161nim direktorom NVO \u201eGONG\u201c.<\/p>\n<p>Tokom posjete Ministarstvu uprave izvr\u0161ena je prezentacija funkcionisanja bira\u010dkog spiska, na\u010din upisa bira\u010da, ostvarivanje njihovih prava, kao i registara bira\u010da. Posebno je interesantno bilo da je u Republici Hrvatskoj popis bira\u010da (bira\u010dki spisak) dio registra bira\u010da koji se sastavlja za svake izbore nakon zatvaranja registra bira\u010da, a u koji se upisuju zakonom odre\u0111ene kategorije bira\u010da zavisno od vrste izbora. Ovaj sastanak je bio dobra prilika za razmjenu iskustava u odnosu na sva pitanja koja se ti\u010du bira\u010dkog prava.<\/p>\n<p>Na sastanku sa predstavnicima Ministarstva unutarnjih poslova upoznati smo sa ulogom Ministarstva u izbornom postupku, odnosno koje sve radnje Ministarstvo sprovodi tokom izbornog procesa.<\/p>\n<p>Teme sastanka sa Dr\u017eavnim izbornim povjerenstvom ticale su se njene unutra\u0161nje organizacije, sastava, odnosno na\u010dina izbora \u010dlanova, kao i nadle\u017enosti. Predstavljen je na\u010din funkcionisanja izbornog sistema u Hrvatskoj \u00a0zavisno od vrste izbora. Posve\u0107ena je pa\u017enja transparentnosti organa za sprovo\u0111enje izbora i posebno tretirano pitanje odnosa sa medijima, njihovog prisustva sjednicama i na\u010din objavljivanja informacija na web sajtu.<\/p>\n<p>Na sastanku sa biv\u0161im izvr\u0161nim direktorom NVO \u201eGONG\u201c, \u00a0Draganom Zeli\u0107em, razgovarano je o saradnji DIP-a i NVO sektora. Predo\u010dene su konkretne mjere i radnje koje je DIP preduzimao kako bi nevladin sektor bio aktivan i konstruktivan sudionik u izbornom procesu.<\/p>\n<p>Imaju\u0107i u vidu da je u Crnoj Gori aktuelna refoma izbornog zakonodavstva, sastanci sa hrvatskim kolegama bili su dobra prilika sa razli\u010dim iskustvima. Neka od njih mogla bi biti razmotrena i kao adekvatna u predstoje\u0107oj reformi.<\/p>\n<p><img loading=\"lazy\" decoding=\"async\" class=\"alignnone wp-image-3788 size-full\" src=\"https:\/\/dikcg.me\/wpold\/wp-content\/uploads\/2019\/10\/4.jpg\" alt=\"\" width=\"1920\" height=\"1280\" srcset=\"https:\/\/dikcg.me\/wpold\/wp-content\/uploads\/2019\/10\/4.jpg 1920w, https:\/\/dikcg.me\/wpold\/wp-content\/uploads\/2019\/10\/4-250x167.jpg 250w, https:\/\/dikcg.me\/wpold\/wp-content\/uploads\/2019\/10\/4-768x512.jpg 768w, https:\/\/dikcg.me\/wpold\/wp-content\/uploads\/2019\/10\/4-700x467.jpg 700w, https:\/\/dikcg.me\/wpold\/wp-content\/uploads\/2019\/10\/4-120x80.jpg 120w, https:\/\/dikcg.me\/wpold\/wp-content\/uploads\/2019\/10\/4-1320x880.jpg 1320w\" sizes=\"(max-width: 1920px) 100vw, 1920px\" \/><\/p>\n<p><img loading=\"lazy\" decoding=\"async\" class=\"alignnone wp-image-3790 size-full\" src=\"https:\/\/dikcg.me\/wpold\/wp-content\/uploads\/2019\/10\/IMG_20191004_151852.jpg\" alt=\"\" width=\"1024\" height=\"768\" srcset=\"https:\/\/dikcg.me\/wpold\/wp-content\/uploads\/2019\/10\/IMG_20191004_151852.jpg 1024w, https:\/\/dikcg.me\/wpold\/wp-content\/uploads\/2019\/10\/IMG_20191004_151852-250x188.jpg 250w, https:\/\/dikcg.me\/wpold\/wp-content\/uploads\/2019\/10\/IMG_20191004_151852-768x576.jpg 768w, https:\/\/dikcg.me\/wpold\/wp-content\/uploads\/2019\/10\/IMG_20191004_151852-700x525.jpg 700w, https:\/\/dikcg.me\/wpold\/wp-content\/uploads\/2019\/10\/IMG_20191004_151852-120x90.jpg 120w\" sizes=\"(max-width: 1024px) 100vw, 1024px\" \/><\/p>\n","protected":false},"excerpt":{"rendered":"U organizaciji\u00a0 Misije OEBS-a u Crnoj Gori, organizovana je studijska posjeta Republici Hrvatskoj, za predstavnike Dr\u017eavne izborne komisije u periodu od 2.-5. oktobra 2019. godine. Delegaciju Dr\u017eavne izborne komisije \u010dinili su: \u0110or\u0111ije Vuk\u010devi\u0107, predsjednik, Veljo \u010ca\u0111enovi\u0107, sekretar, Milijana Radulovi\u0107, Elisa Nurkovi\u0107 i Nikola Mugo\u0161a, samostalni savjetnici, i Darko Brajovi\u0107, nacionalni programski savjetnik za demokratizaciju u&#8230; <a href=\"https:\/\/dikcg.me\/wpold\/drzavna-izborna-komisija-crne-gore-u-studijskoj-posjeti-republici-hrvatskoj\/\">Read more <i class=\"fas fa-angle-right\"><\/i><\/a>","protected":false},"author":56,"featured_media":0,"comment_status":"closed","ping_status":"closed","sticky":false,"template":"","format":"standard","meta":{"footnotes":""},"categories":[13,16],"tags":[],"_links":{"self":[{"href":"https:\/\/dikcg.me\/wpold\/wp-json\/wp\/v2\/posts\/3787"}],"collection":[{"href":"https:\/\/dikcg.me\/wpold\/wp-json\/wp\/v2\/posts"}],"about":[{"href":"https:\/\/dikcg.me\/wpold\/wp-json\/wp\/v2\/types\/post"}],"author":[{"embeddable":true,"href":"https:\/\/dikcg.me\/wpold\/wp-json\/wp\/v2\/users\/56"}],"replies":[{"embeddable":true,"href":"https:\/\/dikcg.me\/wpold\/wp-json\/wp\/v2\/comments?post=3787"}],"version-history":[{"count":5,"href":"https:\/\/dikcg.me\/wpold\/wp-json\/wp\/v2\/posts\/3787\/revisions"}],"predecessor-version":[{"id":3796,"href":"https:\/\/dikcg.me\/wpold\/wp-json\/wp\/v2\/posts\/3787\/revisions\/3796"}],"wp:attachment":[{"href":"https:\/\/dikcg.me\/wpold\/wp-json\/wp\/v2\/media?parent=3787"}],"wp:term":[{"taxonomy":"category","embeddable":true,"href":"https:\/\/dikcg.me\/wpold\/wp-json\/wp\/v2\/categories?post=3787"},{"taxonomy":"post_tag","embeddable":true,"href":"https:\/\/dikcg.me\/wpold\/wp-json\/wp\/v2\/tags?post=3787"}],"curies":[{"name":"wp","href":"https:\/\/api.w.org\/{rel}","templated":true}]}}