{"id":3746,"date":"2019-06-18T08:16:10","date_gmt":"2019-06-18T07:16:10","guid":{"rendered":"https:\/\/dikcg.me\/wpold\/?p=3746\/"},"modified":"2022-06-27T08:48:40","modified_gmt":"2022-06-27T07:48:40","slug":"zapisnik-sa-101-sjednice","status":"publish","type":"post","link":"https:\/\/dikcg.me\/wpold\/zapisnik-sa-101-sjednice\/","title":{"rendered":"Zapisnik sa 101. sjednice"},"content":{"rendered":"<p><strong><u>Ad \u2013 1<\/u><\/strong><br \/>\nNakon iznesene primjedbe \u010dlana Komisije Zorana Vuji\u010di\u0107a da je prisustvovao sjednici Komisije, Komisija je jednoglasno usvojila <a href=\"https:\/\/dikcg.me\/wpold\/wp-content\/uploads\/2019\/04\/Zapisnik100.pdf\">zapisnik sa 100. sjednice<\/a>.<\/p>\n<p><strong><u>Ad \u2013 2<\/u><\/strong><br \/>\nNakon rasprave po ovoj ta\u010dki dnevnog reda Dr\u017eavna izborna komisija je konstatovala da postoje\u0107im zakonskim propisima, pitanje prestanka odborni\u010dkog mandata prilikom formiranja nove op\u0161tine, nije ure\u0111eno i u vezi sa navedenim Dr\u017eavna izborna komisija je Odboru za dalju reformu izbornog i drugog zakonodavstva Skup\u0161tine Crne Gore izme\u0111u ostalog, dostavila predlog da se u slu\u010daju formiranja novih op\u0161tina defini\u0161u sva pitanja od zna\u010daja za izborni proces. Dr\u017eavna izborna komisija jednoglasno je zaklju\u010dila da treba popuniti upra\u017enjeno odborni\u010dko mjesto sa sljede\u0107im kandidatom sa odborni\u010dke liste Albanska alternativa koji ima prebivali\u0161te na teritoriji Glavnog grada.<\/p>\n<p><strong><u>Ad \u2013 3<\/u><\/strong><br \/>\nU okviru ove ta\u010dke dnevnog reda predsjednik Komisije je informisao \u010dlanove Komisije o dosada\u0161njim aktivnostima, i to:<\/p>\n<ol>\n<li>Prijemu i razgovoru sa njenom ekselencijom Maris Davije, ambasadorkom Misije OEBS-a u Crnoj Gori;<\/li>\n<li>O svom prisustvu panelu MANS-a na temu \u201eFinansiranje politi\u010dkih partija i kampanja\u201c.<\/li>\n<li>Prisustvu i u\u010de\u0161\u0107u panelu CDT-a \u201eKako do integriteta izbora\u201c.<\/li>\n<li>Posjeti Skoplju, radi pra\u0107enja izbora za izbor predsjednika u Republici Sjevernoj Makedoniji.<\/li>\n<li>Nakon informacije o razgovoru predsjednika Komisije sa sekretarom Skup\u0161tinskog odbora za izmjenu izbornog zakonodavstva, zaklju\u010deno je da se u prostorijama Dr\u017eavne izborne komisije organizuju stru\u010dne rasprave na temu izmjene izbornog zakonodavstva uz uklju\u010divanje svih \u010dlanova Komisije i stru\u010dne slu\u017ebe.<\/li>\n<li>Potrebno je da svi \u010dlanovi Komisije i njihovi zamjenici dostave kratak CV sa fotografijom radi postavljanja na web sajtu Komisije.<\/li>\n<li>Radi unapre\u0111enja transparentnosti rada Komisije predsjednik Komisije je pokrenuo pitanje prisustva medija svim sjednicama Komisije. U diskusiji u kojoj su u\u010destvovali svi prisutni \u010dlanovi Komisije ocijenjeno je da treba unaprijediti transparentnost rada Dr\u017eavne izborne komisije na na\u010din \u0161to bi predstavnici medija uz blagovremeno dobijanje saziva za sjednicu, sa dnevnim redom prisustvovali po\u010detku sjednice Komisije, a nakon sjednice, ovla\u0161\u0107eni predstavnik Komisije bi dao saop\u0161tenje za javnost.<\/li>\n<\/ol>\n","protected":false},"excerpt":{"rendered":"Ad \u2013 1 Nakon iznesene primjedbe \u010dlana Komisije Zorana Vuji\u010di\u0107a da je prisustvovao sjednici Komisije, Komisija je jednoglasno usvojila zapisnik sa 100. sjednice. Ad \u2013 2 Nakon rasprave po ovoj ta\u010dki dnevnog reda Dr\u017eavna izborna komisija je konstatovala da postoje\u0107im zakonskim propisima, pitanje prestanka odborni\u010dkog mandata prilikom formiranja nove op\u0161tine, nije ure\u0111eno i u vezi&#8230; <a href=\"https:\/\/dikcg.me\/wpold\/zapisnik-sa-101-sjednice\/\">Read more <i class=\"fas fa-angle-right\"><\/i><\/a>","protected":false},"author":56,"featured_media":0,"comment_status":"closed","ping_status":"closed","sticky":false,"template":"","format":"standard","meta":{"footnotes":""},"categories":[18],"tags":[247],"_links":{"self":[{"href":"https:\/\/dikcg.me\/wpold\/wp-json\/wp\/v2\/posts\/3746"}],"collection":[{"href":"https:\/\/dikcg.me\/wpold\/wp-json\/wp\/v2\/posts"}],"about":[{"href":"https:\/\/dikcg.me\/wpold\/wp-json\/wp\/v2\/types\/post"}],"author":[{"embeddable":true,"href":"https:\/\/dikcg.me\/wpold\/wp-json\/wp\/v2\/users\/56"}],"replies":[{"embeddable":true,"href":"https:\/\/dikcg.me\/wpold\/wp-json\/wp\/v2\/comments?post=3746"}],"version-history":[{"count":6,"href":"https:\/\/dikcg.me\/wpold\/wp-json\/wp\/v2\/posts\/3746\/revisions"}],"predecessor-version":[{"id":3800,"href":"https:\/\/dikcg.me\/wpold\/wp-json\/wp\/v2\/posts\/3746\/revisions\/3800"}],"wp:attachment":[{"href":"https:\/\/dikcg.me\/wpold\/wp-json\/wp\/v2\/media?parent=3746"}],"wp:term":[{"taxonomy":"category","embeddable":true,"href":"https:\/\/dikcg.me\/wpold\/wp-json\/wp\/v2\/categories?post=3746"},{"taxonomy":"post_tag","embeddable":true,"href":"https:\/\/dikcg.me\/wpold\/wp-json\/wp\/v2\/tags?post=3746"}],"curies":[{"name":"wp","href":"https:\/\/api.w.org\/{rel}","templated":true}]}}