{"id":3624,"date":"2019-10-01T10:46:00","date_gmt":"2019-10-01T09:46:00","guid":{"rendered":"https:\/\/dikcg.me\/wpold\/?p=3624\/"},"modified":"2019-10-01T10:46:34","modified_gmt":"2019-10-01T09:46:34","slug":"ucesce-drzavne-izborne-komisije-na-godisnjoj-konferenciji-asocijacije-evropskih-izbornih-zvanicnika","status":"publish","type":"post","link":"https:\/\/dikcg.me\/wpold\/ucesce-drzavne-izborne-komisije-na-godisnjoj-konferenciji-asocijacije-evropskih-izbornih-zvanicnika\/","title":{"rendered":"U\u010de\u0161\u0107e Dr\u017eavne izborne komisije na Godi\u0161njoj konferenciji Asocijacije evropskih izbornih zvani\u010dnika"},"content":{"rendered":"<p>Delegacija Dr\u017eavne izborne komisije boravila je u Ljubljani od 24. do 26 septembra na trodnevnoj godi\u0161njoj konferenciji Asocijacije evropskih izbornih zvani\u010dnika. Crnogorsku delegaciju predstavljali su \u0110or\u0111ije Vuk\u010devi\u0107, predsjednik, Veljo \u010ca\u0111enovi\u0107, sekretar, \u010dlanovi Nata\u0161a Pe\u0161i\u0107, Mersudin Dautovi\u0107 i Milisav \u0106ori\u0107, kao i Nikola Mugo\u0161a, savjetnik. U pratnji crnogorske delegacije bio je i Darko Brajovi\u0107, nacionalni programski savjetnik za demokratizaciju u Misiji OEBS-a u Crnoj Gori, koja je i omogu\u0107ila u\u010de\u0161\u0107e na konferenciji \u201cPravosudna za\u0161tita izbornih prava i transparentnost izbora\u201d.<\/p>\n<p>Konferencija je bila dobra prilika da se \u010duju uporedna iskustva iz razli\u010ditih politi\u010dkih sistema i\u00a0 na\u010din kako je regulisana za\u0161tita izbornih prava. Tako\u0111e, tema ostvarivanja transparentnosti, bila je u fokusu konferencije, \u0161to je bilo posebno interesantno za \u010dlanove crnogorske delegacije budu\u0107i da je ostvarenje transparentnosti jedan od ciljeva Dr\u017eavne izborne komisije.<\/p>\n<p>Veliki broj pa\u017eljivo biranih govornika, interesantne prezentacije i teme, u\u010dinile su konferenciju korisnom i doprinijele sticanju novih znanja i iskustava. Prezentovana je i godi\u0161nja publikacija \u201cIzbori u Evropi\u201d koja se na sistemski na\u010din bavi pomenutim temama i gdje je objedinjeno vi\u0161e \u010dlanaka iz izborne materije.<\/p>\n<p>Na konferenciji je usvojena i Ljubljanska deklaracija o pravosudnoj za\u0161titi ljudskih prava i transparentnosti izbora. Deklaracijom je, izme\u0111u ostalog, potencirano da bez obzira \u0161to ne postoji samo jedan model demokratije, odre\u0111eni broj elemenata svakog izbornog sistema mora biti zajedni\u010dki za sve demokratske dr\u017eave. Tako\u0111e, stipulisano je da pravosudna za\u0161tita izbornih prava treba da bude pru\u017eena u cijelom postupku, te da efektivni pravni ljekovi i transparentnost treba da budu obezbije\u0111eni od po\u010detka do kraja. U kona\u010dnom, izra\u017eava se potreba da izborni proces bude pra\u0107en od strane civilnog dru\u0161tva, kao i me\u0111unarodnih subjekata.<\/p>\n<p><img loading=\"lazy\" decoding=\"async\" class=\"alignnone wp-image-3625 size-full\" src=\"https:\/\/dikcg.me\/wpold\/wp-content\/uploads\/2019\/10\/Slovenija.jpg\" alt=\"\" width=\"3495\" height=\"2355\" srcset=\"https:\/\/dikcg.me\/wpold\/wp-content\/uploads\/2019\/10\/Slovenija.jpg 3495w, https:\/\/dikcg.me\/wpold\/wp-content\/uploads\/2019\/10\/Slovenija-250x168.jpg 250w, https:\/\/dikcg.me\/wpold\/wp-content\/uploads\/2019\/10\/Slovenija-768x517.jpg 768w, https:\/\/dikcg.me\/wpold\/wp-content\/uploads\/2019\/10\/Slovenija-700x472.jpg 700w, https:\/\/dikcg.me\/wpold\/wp-content\/uploads\/2019\/10\/Slovenija-120x81.jpg 120w, https:\/\/dikcg.me\/wpold\/wp-content\/uploads\/2019\/10\/Slovenija-1320x889.jpg 1320w\" sizes=\"(max-width: 3495px) 100vw, 3495px\" \/><\/p>\n","protected":false},"excerpt":{"rendered":"Delegacija Dr\u017eavne izborne komisije boravila je u Ljubljani od 24. do 26 septembra na trodnevnoj godi\u0161njoj konferenciji Asocijacije evropskih izbornih zvani\u010dnika. Crnogorsku delegaciju predstavljali su \u0110or\u0111ije Vuk\u010devi\u0107, predsjednik, Veljo \u010ca\u0111enovi\u0107, sekretar, \u010dlanovi Nata\u0161a Pe\u0161i\u0107, Mersudin Dautovi\u0107 i Milisav \u0106ori\u0107, kao i Nikola Mugo\u0161a, savjetnik. U pratnji crnogorske delegacije bio je i Darko Brajovi\u0107, nacionalni programski&#8230; <a href=\"https:\/\/dikcg.me\/wpold\/ucesce-drzavne-izborne-komisije-na-godisnjoj-konferenciji-asocijacije-evropskih-izbornih-zvanicnika\/\">Read more <i class=\"fas fa-angle-right\"><\/i><\/a>","protected":false},"author":56,"featured_media":0,"comment_status":"closed","ping_status":"closed","sticky":false,"template":"","format":"standard","meta":{"footnotes":""},"categories":[16],"tags":[],"_links":{"self":[{"href":"https:\/\/dikcg.me\/wpold\/wp-json\/wp\/v2\/posts\/3624"}],"collection":[{"href":"https:\/\/dikcg.me\/wpold\/wp-json\/wp\/v2\/posts"}],"about":[{"href":"https:\/\/dikcg.me\/wpold\/wp-json\/wp\/v2\/types\/post"}],"author":[{"embeddable":true,"href":"https:\/\/dikcg.me\/wpold\/wp-json\/wp\/v2\/users\/56"}],"replies":[{"embeddable":true,"href":"https:\/\/dikcg.me\/wpold\/wp-json\/wp\/v2\/comments?post=3624"}],"version-history":[{"count":2,"href":"https:\/\/dikcg.me\/wpold\/wp-json\/wp\/v2\/posts\/3624\/revisions"}],"predecessor-version":[{"id":3628,"href":"https:\/\/dikcg.me\/wpold\/wp-json\/wp\/v2\/posts\/3624\/revisions\/3628"}],"wp:attachment":[{"href":"https:\/\/dikcg.me\/wpold\/wp-json\/wp\/v2\/media?parent=3624"}],"wp:term":[{"taxonomy":"category","embeddable":true,"href":"https:\/\/dikcg.me\/wpold\/wp-json\/wp\/v2\/categories?post=3624"},{"taxonomy":"post_tag","embeddable":true,"href":"https:\/\/dikcg.me\/wpold\/wp-json\/wp\/v2\/tags?post=3624"}],"curies":[{"name":"wp","href":"https:\/\/api.w.org\/{rel}","templated":true}]}}