{"id":3546,"date":"2019-07-09T10:08:59","date_gmt":"2019-07-09T09:08:59","guid":{"rendered":"https:\/\/dikcg.me\/wpold\/?p=3546\/"},"modified":"2019-07-09T10:12:24","modified_gmt":"2019-07-09T09:12:24","slug":"drzavna-izborna-komisija-crne-gore-u-studijskoj-posjeti-sloveniji","status":"publish","type":"post","link":"https:\/\/dikcg.me\/wpold\/drzavna-izborna-komisija-crne-gore-u-studijskoj-posjeti-sloveniji\/","title":{"rendered":"Dr\u017eavna izborna komisija Crne Gore u studijskoj posjeti Sloveniji"},"content":{"rendered":"<p>Predsjednik Dr\u017eavne izborne komisije \u0110or\u0111ije Vuk\u010devi\u0107 i sekretar Veljo \u010ca\u0111enovi\u0107, sa saradnicima boravili su u trodnevnoj studijskoj posjeti Sloveniji i tom prilikom posjetili Dr\u017eavnu izbornu komisiju, Lokalnu izbornu komisiju Ljubljane, te Ministarstvo unutra\u0161njih poslova Republike Slovenije.<\/p>\n<p>Tokom vi\u0161e sastanaka, delegacija Crne Gore upoznata je sa radom organa za sprovo\u0111enje izbora, Dr\u017eavne izborne komisije, okru\u017enih, regionalnih, te lokalnih izbornih komisija, i tehni\u010dkim uslovima za njihov rad. Najvi\u0161e pa\u017enje u razgovorima posve\u0107eno je izbornom zakonodavstvu Republike Slovenije i vo\u0111enju i a\u017euriranju bira\u010dkog spiska. Posjeta je bila korisna posebno za budu\u0107e unapre\u0111ivanje rada Dr\u017eavne izborne komisije i zaposlenih u Stru\u010dnoj slu\u017ebi, a realizovana je uz finansijsku podr\u0161ku Misije OEBS-a u Crnoj Gori.<\/p>\n<p><img loading=\"lazy\" decoding=\"async\" class=\"aligncenter wp-image-3547 size-mailpoet_newsletter_max\" src=\"https:\/\/dikcg.me\/wpold\/wp-content\/uploads\/2019\/07\/20190705_094926-1320x990.jpg\" alt=\"\" width=\"1320\" height=\"990\" srcset=\"https:\/\/dikcg.me\/wpold\/wp-content\/uploads\/2019\/07\/20190705_094926-1320x990.jpg 1320w, https:\/\/dikcg.me\/wpold\/wp-content\/uploads\/2019\/07\/20190705_094926-250x188.jpg 250w, https:\/\/dikcg.me\/wpold\/wp-content\/uploads\/2019\/07\/20190705_094926-768x576.jpg 768w, https:\/\/dikcg.me\/wpold\/wp-content\/uploads\/2019\/07\/20190705_094926-700x525.jpg 700w, https:\/\/dikcg.me\/wpold\/wp-content\/uploads\/2019\/07\/20190705_094926-120x90.jpg 120w\" sizes=\"(max-width: 1320px) 100vw, 1320px\" \/><\/p>\n","protected":false},"excerpt":{"rendered":"Predsjednik Dr\u017eavne izborne komisije \u0110or\u0111ije Vuk\u010devi\u0107 i sekretar Veljo \u010ca\u0111enovi\u0107, sa saradnicima boravili su u trodnevnoj studijskoj posjeti Sloveniji i tom prilikom posjetili Dr\u017eavnu izbornu komisiju, Lokalnu izbornu komisiju Ljubljane, te Ministarstvo unutra\u0161njih poslova Republike Slovenije. Tokom vi\u0161e sastanaka, delegacija Crne Gore upoznata je sa radom organa za sprovo\u0111enje izbora, Dr\u017eavne izborne komisije, okru\u017enih, regionalnih,&#8230; <a href=\"https:\/\/dikcg.me\/wpold\/drzavna-izborna-komisija-crne-gore-u-studijskoj-posjeti-sloveniji\/\">Read more <i class=\"fas fa-angle-right\"><\/i><\/a>","protected":false},"author":56,"featured_media":0,"comment_status":"closed","ping_status":"closed","sticky":false,"template":"","format":"standard","meta":{"footnotes":""},"categories":[13,16],"tags":[],"_links":{"self":[{"href":"https:\/\/dikcg.me\/wpold\/wp-json\/wp\/v2\/posts\/3546"}],"collection":[{"href":"https:\/\/dikcg.me\/wpold\/wp-json\/wp\/v2\/posts"}],"about":[{"href":"https:\/\/dikcg.me\/wpold\/wp-json\/wp\/v2\/types\/post"}],"author":[{"embeddable":true,"href":"https:\/\/dikcg.me\/wpold\/wp-json\/wp\/v2\/users\/56"}],"replies":[{"embeddable":true,"href":"https:\/\/dikcg.me\/wpold\/wp-json\/wp\/v2\/comments?post=3546"}],"version-history":[{"count":3,"href":"https:\/\/dikcg.me\/wpold\/wp-json\/wp\/v2\/posts\/3546\/revisions"}],"predecessor-version":[{"id":3551,"href":"https:\/\/dikcg.me\/wpold\/wp-json\/wp\/v2\/posts\/3546\/revisions\/3551"}],"wp:attachment":[{"href":"https:\/\/dikcg.me\/wpold\/wp-json\/wp\/v2\/media?parent=3546"}],"wp:term":[{"taxonomy":"category","embeddable":true,"href":"https:\/\/dikcg.me\/wpold\/wp-json\/wp\/v2\/categories?post=3546"},{"taxonomy":"post_tag","embeddable":true,"href":"https:\/\/dikcg.me\/wpold\/wp-json\/wp\/v2\/tags?post=3546"}],"curies":[{"name":"wp","href":"https:\/\/api.w.org\/{rel}","templated":true}]}}