{"id":1918,"date":"2008-02-07T14:21:10","date_gmt":"2008-02-07T13:21:10","guid":{"rendered":"https:\/\/dikcg.me\/wpold\/?p=1918\/"},"modified":"2021-12-17T21:44:33","modified_gmt":"2021-12-17T20:44:33","slug":"srdana-milic-kandidat-socijalisticke-narodne-partije-crne-gore","status":"publish","type":"post","link":"https:\/\/dikcg.me\/wpold\/srdana-milic-kandidat-socijalisticke-narodne-partije-crne-gore\/","title":{"rendered":"Sr\u0111ana Mili\u0107, kandidat Socijalisti\u010dke narodne partije Crne Gore"},"content":{"rendered":"","protected":false},"excerpt":{"rendered":"","protected":false},"author":1,"featured_media":0,"comment_status":"closed","ping_status":"closed","sticky":false,"template":"","format":"standard","meta":{"footnotes":""},"categories":[118],"tags":[250],"_links":{"self":[{"href":"https:\/\/dikcg.me\/wpold\/wp-json\/wp\/v2\/posts\/1918"}],"collection":[{"href":"https:\/\/dikcg.me\/wpold\/wp-json\/wp\/v2\/posts"}],"about":[{"href":"https:\/\/dikcg.me\/wpold\/wp-json\/wp\/v2\/types\/post"}],"author":[{"embeddable":true,"href":"https:\/\/dikcg.me\/wpold\/wp-json\/wp\/v2\/users\/1"}],"replies":[{"embeddable":true,"href":"https:\/\/dikcg.me\/wpold\/wp-json\/wp\/v2\/comments?post=1918"}],"version-history":[{"count":1,"href":"https:\/\/dikcg.me\/wpold\/wp-json\/wp\/v2\/posts\/1918\/revisions"}],"predecessor-version":[{"id":1921,"href":"https:\/\/dikcg.me\/wpold\/wp-json\/wp\/v2\/posts\/1918\/revisions\/1921"}],"wp:attachment":[{"href":"https:\/\/dikcg.me\/wpold\/wp-json\/wp\/v2\/media?parent=1918"}],"wp:term":[{"taxonomy":"category","embeddable":true,"href":"https:\/\/dikcg.me\/wpold\/wp-json\/wp\/v2\/categories?post=1918"},{"taxonomy":"post_tag","embeddable":true,"href":"https:\/\/dikcg.me\/wpold\/wp-json\/wp\/v2\/tags?post=1918"}],"curies":[{"name":"wp","href":"https:\/\/api.w.org\/{rel}","templated":true}]}}