{"id":10263,"date":"2023-11-10T09:58:07","date_gmt":"2023-11-10T08:58:07","guid":{"rendered":"https:\/\/dikcg.me\/wpold\/?p=10263"},"modified":"2023-11-20T09:59:59","modified_gmt":"2023-11-20T08:59:59","slug":"dik-ucestvovala-na-konferenciji-globalnog-udruzenja-zena-u-organima-za-sprovodenje-izbora","status":"publish","type":"post","link":"https:\/\/dikcg.me\/wpold\/dik-ucestvovala-na-konferenciji-globalnog-udruzenja-zena-u-organima-za-sprovodenje-izbora\/","title":{"rendered":"DIK u\u010destvovala na konferenciji Globalnog udru\u017eenja \u017eena u organima za sprovo\u0111enje izbora"},"content":{"rendered":"<p>Predsjednik DIK-a dr Nikola Mugo\u0161a i samostalna savjetnica Jelena Radulovi\u0107 u\u010destvovali su na sastanku Generalne skup\u0161tine i plenarnoj konferenciji Globalnog udru\u017eenja \u017eena u organima izborne administracije (\u201eWEM-International\u201c) u Pragu.<\/p>\n<p>Sastanak je poslu\u017eio kao jedinstven forum za multilateralnu diskusiju o klju\u010dnoj ulozi organa za sprovo\u0111enje izbora u promovisanju i integraciji na\u010dela rodne ravnopravnosti na izborima. Tokom plenarne konferencije razmijenila su se iskustva i dobre prakse u implementaciji rodno-osvije\u0161tenih politika u izbornim administracijama \u0161irom svijeta.<\/p>\n<p><img loading=\"lazy\" decoding=\"async\" class=\"alignnone wp-image-10264 size-full\" src=\"https:\/\/dikcg.me\/wpold\/wp-content\/uploads\/2023\/11\/Attachment-1-scaled.jpeg\" alt=\"\" width=\"2560\" height=\"2274\" srcset=\"https:\/\/dikcg.me\/wpold\/wp-content\/uploads\/2023\/11\/Attachment-1-scaled.jpeg 2560w, https:\/\/dikcg.me\/wpold\/wp-content\/uploads\/2023\/11\/Attachment-1-250x222.jpeg 250w, https:\/\/dikcg.me\/wpold\/wp-content\/uploads\/2023\/11\/Attachment-1-700x622.jpeg 700w, https:\/\/dikcg.me\/wpold\/wp-content\/uploads\/2023\/11\/Attachment-1-768x682.jpeg 768w, https:\/\/dikcg.me\/wpold\/wp-content\/uploads\/2023\/11\/Attachment-1-1536x1364.jpeg 1536w, https:\/\/dikcg.me\/wpold\/wp-content\/uploads\/2023\/11\/Attachment-1-2048x1819.jpeg 2048w, https:\/\/dikcg.me\/wpold\/wp-content\/uploads\/2023\/11\/Attachment-1-120x107.jpeg 120w, https:\/\/dikcg.me\/wpold\/wp-content\/uploads\/2023\/11\/Attachment-1-1320x1172.jpeg 1320w\" sizes=\"(max-width: 2560px) 100vw, 2560px\" \/><\/p>\n","protected":false},"excerpt":{"rendered":"Predsjednik DIK-a dr Nikola Mugo\u0161a i samostalna savjetnica Jelena Radulovi\u0107 u\u010destvovali su na sastanku Generalne skup\u0161tine i plenarnoj konferenciji Globalnog udru\u017eenja \u017eena u organima izborne administracije (\u201eWEM-International\u201c) u Pragu. Sastanak je poslu\u017eio kao jedinstven forum za multilateralnu diskusiju o klju\u010dnoj ulozi organa za sprovo\u0111enje izbora u promovisanju i integraciji na\u010dela rodne ravnopravnosti na izborima. Tokom&#8230; <a href=\"https:\/\/dikcg.me\/wpold\/dik-ucestvovala-na-konferenciji-globalnog-udruzenja-zena-u-organima-za-sprovodenje-izbora\/\">Read more <i class=\"fas fa-angle-right\"><\/i><\/a>","protected":false},"author":56,"featured_media":0,"comment_status":"closed","ping_status":"closed","sticky":false,"template":"","format":"standard","meta":{"footnotes":""},"categories":[16],"tags":[],"_links":{"self":[{"href":"https:\/\/dikcg.me\/wpold\/wp-json\/wp\/v2\/posts\/10263"}],"collection":[{"href":"https:\/\/dikcg.me\/wpold\/wp-json\/wp\/v2\/posts"}],"about":[{"href":"https:\/\/dikcg.me\/wpold\/wp-json\/wp\/v2\/types\/post"}],"author":[{"embeddable":true,"href":"https:\/\/dikcg.me\/wpold\/wp-json\/wp\/v2\/users\/56"}],"replies":[{"embeddable":true,"href":"https:\/\/dikcg.me\/wpold\/wp-json\/wp\/v2\/comments?post=10263"}],"version-history":[{"count":1,"href":"https:\/\/dikcg.me\/wpold\/wp-json\/wp\/v2\/posts\/10263\/revisions"}],"predecessor-version":[{"id":10265,"href":"https:\/\/dikcg.me\/wpold\/wp-json\/wp\/v2\/posts\/10263\/revisions\/10265"}],"wp:attachment":[{"href":"https:\/\/dikcg.me\/wpold\/wp-json\/wp\/v2\/media?parent=10263"}],"wp:term":[{"taxonomy":"category","embeddable":true,"href":"https:\/\/dikcg.me\/wpold\/wp-json\/wp\/v2\/categories?post=10263"},{"taxonomy":"post_tag","embeddable":true,"href":"https:\/\/dikcg.me\/wpold\/wp-json\/wp\/v2\/tags?post=10263"}],"curies":[{"name":"wp","href":"https:\/\/api.w.org\/{rel}","templated":true}]}}