{"id":709,"date":"2018-03-20T10:40:49","date_gmt":"2018-03-20T09:40:49","guid":{"rendered":"http:\/\/ulcinj.dik.co.me\/?p=709\/"},"modified":"2022-02-17T18:11:52","modified_gmt":"2022-02-17T17:11:52","slug":"biracka-mjesta-za-izbor-predsjednika-crne-gore","status":"publish","type":"post","link":"https:\/\/dikcg.me\/wpold\/ulcinj\/biracka-mjesta-za-izbor-predsjednika-crne-gore\/","title":{"rendered":"Bira\u010dka mjesta za izbor predsjednika Crne Gore koji \u0107e se odr\u017eati dana 15.04.2018. godine"},"content":{"rendered":"<p style=\"text-align: center;\">Na osnovu \u010dlana 65 stav 4 Zakona o izboru odbronika i poslanika (\u00bbSl.list RCG\u00ab, br. 4\/98,\u00a0\u00a0 17\/98, 14\/00,\u00a0 9\/01, 41\/02, 46\/02, 48\/06 i \u00bbSl. list CG\u00ab, br. 46\/11, 14\/14, 47\/14 i 12\/16),\u00a0 a u vezi \u010dl. 9 Zakona o izboru Predsjednika Crne Gore (\u201eSl.list CG\u201c, br. 17\/07) Op\u0161tinska izborna Komisija Ulcinj na sjednici odr\u017eanoj dana 20.03.2018. godine,<\/p>\n<p style=\"text-align: center;\">O G L A \u0160 A V A<br \/>\nBIRA\u010cKA MJESTA ZA IZBOR PREDSJEDNIKA<br \/>\nCRNE GORE KOJI \u0106E SE ODR\u017dATI DANA 15.04.2018. GODINE<\/p>\n","protected":false},"excerpt":{"rendered":"Na osnovu \u010dlana 65 stav 4 Zakona o izboru odbronika i poslanika (\u00bbSl.list RCG\u00ab, br. 4\/98,\u00a0\u00a0 17\/98, 14\/00,\u00a0 9\/01, 41\/02, 46\/02, 48\/06 i \u00bbSl. list CG\u00ab, br. 46\/11, 14\/14, 47\/14 i 12\/16),\u00a0 a u vezi \u010dl. 9 Zakona o izboru Predsjednika Crne Gore (\u201eSl.list CG\u201c, br. 17\/07) Op\u0161tinska izborna Komisija Ulcinj na sjednici odr\u017eanoj dana&#8230; <a href=\"https:\/\/dikcg.me\/wpold\/ulcinj\/biracka-mjesta-za-izbor-predsjednika-crne-gore\/\">Read more <i class=\"fas fa-angle-right\"><\/i><\/a>","protected":false},"author":56,"featured_media":0,"comment_status":"closed","ping_status":"closed","sticky":false,"template":"","format":"standard","meta":{"footnotes":""},"categories":[167],"tags":[203],"_links":{"self":[{"href":"https:\/\/dikcg.me\/wpold\/ulcinj\/wp-json\/wp\/v2\/posts\/709"}],"collection":[{"href":"https:\/\/dikcg.me\/wpold\/ulcinj\/wp-json\/wp\/v2\/posts"}],"about":[{"href":"https:\/\/dikcg.me\/wpold\/ulcinj\/wp-json\/wp\/v2\/types\/post"}],"author":[{"embeddable":true,"href":"https:\/\/dikcg.me\/wpold\/ulcinj\/wp-json\/wp\/v2\/users\/56"}],"replies":[{"embeddable":true,"href":"https:\/\/dikcg.me\/wpold\/ulcinj\/wp-json\/wp\/v2\/comments?post=709"}],"version-history":[{"count":2,"href":"https:\/\/dikcg.me\/wpold\/ulcinj\/wp-json\/wp\/v2\/posts\/709\/revisions"}],"predecessor-version":[{"id":713,"href":"https:\/\/dikcg.me\/wpold\/ulcinj\/wp-json\/wp\/v2\/posts\/709\/revisions\/713"}],"wp:attachment":[{"href":"https:\/\/dikcg.me\/wpold\/ulcinj\/wp-json\/wp\/v2\/media?parent=709"}],"wp:term":[{"taxonomy":"category","embeddable":true,"href":"https:\/\/dikcg.me\/wpold\/ulcinj\/wp-json\/wp\/v2\/categories?post=709"},{"taxonomy":"post_tag","embeddable":true,"href":"https:\/\/dikcg.me\/wpold\/ulcinj\/wp-json\/wp\/v2\/tags?post=709"}],"curies":[{"name":"wp","href":"https:\/\/api.w.org\/{rel}","templated":true}]}}