{"id":3690,"date":"2023-06-16T13:52:55","date_gmt":"2023-06-16T12:52:55","guid":{"rendered":"https:\/\/tuzi.dik.co.me\/?p=3690"},"modified":"2023-06-16T13:52:55","modified_gmt":"2023-06-16T12:52:55","slug":"1-odluku-o-ponistavanju-izbora-za-izbor-poslanika-u-skupstini-crne-gore-odrzani-dana-11-06-2023-godine-na-birackom-mjestu-br-21-ju-os-jedinstvo-podrucna-jedinica-ranza","status":"publish","type":"post","link":"https:\/\/dikcg.me\/wpold\/tuzi\/1-odluku-o-ponistavanju-izbora-za-izbor-poslanika-u-skupstini-crne-gore-odrzani-dana-11-06-2023-godine-na-birackom-mjestu-br-21-ju-os-jedinstvo-podrucna-jedinica-ranza\/","title":{"rendered":"1.\tOdluku o Poni\u0161tavanju izbora za izbor poslanika u Skup\u0161tini Crne Gore odr\u017eani dana 11.06.2023. godine na bira\u010dkom mjestu br. 21. JU O\u0160 \u201eJedinstvo\u201c Podru\u010dna jedinica \u201eRanza\u201c (DonjeDrume)."},"content":{"rendered":"","protected":false},"excerpt":{"rendered":"","protected":false},"author":81,"featured_media":0,"comment_status":"closed","ping_status":"closed","sticky":false,"template":"","format":"standard","meta":{"footnotes":""},"categories":[199,136,184],"tags":[],"_links":{"self":[{"href":"https:\/\/dikcg.me\/wpold\/tuzi\/wp-json\/wp\/v2\/posts\/3690"}],"collection":[{"href":"https:\/\/dikcg.me\/wpold\/tuzi\/wp-json\/wp\/v2\/posts"}],"about":[{"href":"https:\/\/dikcg.me\/wpold\/tuzi\/wp-json\/wp\/v2\/types\/post"}],"author":[{"embeddable":true,"href":"https:\/\/dikcg.me\/wpold\/tuzi\/wp-json\/wp\/v2\/users\/81"}],"replies":[{"embeddable":true,"href":"https:\/\/dikcg.me\/wpold\/tuzi\/wp-json\/wp\/v2\/comments?post=3690"}],"version-history":[{"count":1,"href":"https:\/\/dikcg.me\/wpold\/tuzi\/wp-json\/wp\/v2\/posts\/3690\/revisions"}],"predecessor-version":[{"id":3692,"href":"https:\/\/dikcg.me\/wpold\/tuzi\/wp-json\/wp\/v2\/posts\/3690\/revisions\/3692"}],"wp:attachment":[{"href":"https:\/\/dikcg.me\/wpold\/tuzi\/wp-json\/wp\/v2\/media?parent=3690"}],"wp:term":[{"taxonomy":"category","embeddable":true,"href":"https:\/\/dikcg.me\/wpold\/tuzi\/wp-json\/wp\/v2\/categories?post=3690"},{"taxonomy":"post_tag","embeddable":true,"href":"https:\/\/dikcg.me\/wpold\/tuzi\/wp-json\/wp\/v2\/tags?post=3690"}],"curies":[{"name":"wp","href":"https:\/\/api.w.org\/{rel}","templated":true}]}}