{"id":3564,"date":"2023-02-23T13:33:13","date_gmt":"2023-02-23T12:33:13","guid":{"rendered":"https:\/\/tuzi.dik.co.me\/?p=3564"},"modified":"2023-02-23T13:33:13","modified_gmt":"2023-02-23T12:33:13","slug":"rjesenje-o-zakljucenju-birackog-spiska-aktvendim-mbi-permbylljen-e-regjistrit-zgjedhor","status":"publish","type":"post","link":"https:\/\/dikcg.me\/wpold\/tuzi\/rjesenje-o-zakljucenju-birackog-spiska-aktvendim-mbi-permbylljen-e-regjistrit-zgjedhor\/","title":{"rendered":"Rje\u0161enje o zaklju\u010denju bira\u010dkog spiska &#8211; Aktvendim mbi p\u00ebrmbylljen e regjistrit zgjedhor"},"content":{"rendered":"","protected":false},"excerpt":{"rendered":"","protected":false},"author":81,"featured_media":0,"comment_status":"closed","ping_status":"closed","sticky":false,"template":"","format":"standard","meta":{"footnotes":""},"categories":[196,136],"tags":[],"_links":{"self":[{"href":"https:\/\/dikcg.me\/wpold\/tuzi\/wp-json\/wp\/v2\/posts\/3564"}],"collection":[{"href":"https:\/\/dikcg.me\/wpold\/tuzi\/wp-json\/wp\/v2\/posts"}],"about":[{"href":"https:\/\/dikcg.me\/wpold\/tuzi\/wp-json\/wp\/v2\/types\/post"}],"author":[{"embeddable":true,"href":"https:\/\/dikcg.me\/wpold\/tuzi\/wp-json\/wp\/v2\/users\/81"}],"replies":[{"embeddable":true,"href":"https:\/\/dikcg.me\/wpold\/tuzi\/wp-json\/wp\/v2\/comments?post=3564"}],"version-history":[{"count":1,"href":"https:\/\/dikcg.me\/wpold\/tuzi\/wp-json\/wp\/v2\/posts\/3564\/revisions"}],"predecessor-version":[{"id":3567,"href":"https:\/\/dikcg.me\/wpold\/tuzi\/wp-json\/wp\/v2\/posts\/3564\/revisions\/3567"}],"wp:attachment":[{"href":"https:\/\/dikcg.me\/wpold\/tuzi\/wp-json\/wp\/v2\/media?parent=3564"}],"wp:term":[{"taxonomy":"category","embeddable":true,"href":"https:\/\/dikcg.me\/wpold\/tuzi\/wp-json\/wp\/v2\/categories?post=3564"},{"taxonomy":"post_tag","embeddable":true,"href":"https:\/\/dikcg.me\/wpold\/tuzi\/wp-json\/wp\/v2\/tags?post=3564"}],"curies":[{"name":"wp","href":"https:\/\/api.w.org\/{rel}","templated":true}]}}