{"id":3491,"date":"2023-02-10T15:47:02","date_gmt":"2023-02-10T14:47:02","guid":{"rendered":"https:\/\/tuzi.dik.co.me\/?p=3491"},"modified":"2023-02-10T15:47:02","modified_gmt":"2023-02-10T14:47:02","slug":"obavjestenje-njoftim-2","status":"publish","type":"post","link":"https:\/\/dikcg.me\/wpold\/tuzi\/obavjestenje-njoftim-2\/","title":{"rendered":"OBAVJE\u0160TENJE \/ NJOFTIM"},"content":{"rendered":"<p>Shodno \u010dlanu 49 stav 2 Zakona o izboru odbornika i (\u201eSlu\u017ebeni list RCG\u201d, br.04\/98, 05\/98, 17\/98, 14\/00, 09\/01, 41\/02, 46\/02, 48\/06 i \u201eSlu\u017ebeni list CG\u201c.broj 46\/11,14\/14, 47\/14, 12\/16, 60\/17, 10\/18 i 109\/20), Op\u0161tinska izborna komisije Tuzi utvrdi\u0107e \u017erijebanjem redosljed na zbirnoj izbornoj listi za izbore za izbor odbornika u Skup\u0161tini op\u0161tine Tuzi, koji \u0107e se odr\u017eati 05. marta 2023. godine.<\/p>\n<p><em>N\u00eb baz\u00eb t\u00eb nenit 49 paragrafi 2 t\u00eb Ligjit mbi zgjedhjen e k\u00ebshilltar\u00ebve dhe deputet\u00ebve <\/em><em>(\u201eFleta zyrtare e RMZ\u201d, nr. 04\/98, 05\/98, 17\/98, 14\/00, 09\/01, 41\/02, 46\/02, 48\/06 dhe \u201eFleta zyrtare e MZ\u201d, nr. 46\/11,14\/14, 47\/14, 12\/16, 60\/17, 10\/18 dhe 109\/20), <\/em><em>Komisioni komunal zgjedhor i Tuzit, me an\u00eb t\u00eb hedhjes s\u00eb shortit do t\u00eb p\u00ebrcaktoj\u00eb radhitjen n\u00eb list\u00ebn p\u00ebrmbledh\u00ebse zgjedhore p\u00ebr zgjedhje t\u00eb zgjedhjes s\u00eb k\u00ebshilltar\u00ebve n\u00eb Kuvendin e komun\u00ebs s\u00eb Tuzit, t\u00eb cilat do t\u00eb mbahen m\u00eb 05 mars 2023.<\/em><\/p>\n<p>&nbsp;<\/p>\n<p><strong>Obavje\u0161tavamo Vas da \u0107e se \u017erijebanje obaviti u subotu, 11.02.2023. godine sa po\u010detkom u 19:00 \u010dasova u prostorijama Op\u0161tinske izborne komisije Tuzi.<\/strong><\/p>\n<p><strong><em>Ju njoftojm\u00eb se shorti do t\u00eb hidhet dit\u00ebn e mart\u00eb m\u00eb 11.02.2023 me fillim n\u00eb ora 19:00\u00a0 n\u00eb lokalet e Komisionit komunal zgjedhor t\u00eb Tuzit.<\/em><\/strong><\/p>\n<p>&nbsp;<\/p>\n<p>Tim povodom pozivamo predstavnike potvr\u0111enih izbornih lista da prisustvuju \u017erijebanju.<\/p>\n<p><em>Me k\u00ebt\u00eb rast ftojm\u00eb p\u00ebrfaq\u00ebsuesit e listave zgjedhore t\u00eb p\u00ebrcaktuara t\u00eb marrin pjes\u00eb n\u00eb hedhjen e shortit. <\/em><\/p>\n","protected":false},"excerpt":{"rendered":"Shodno \u010dlanu 49 stav 2 Zakona o izboru odbornika i (\u201eSlu\u017ebeni list RCG\u201d, br.04\/98, 05\/98, 17\/98, 14\/00, 09\/01, 41\/02, 46\/02, 48\/06 i \u201eSlu\u017ebeni list CG\u201c.broj 46\/11,14\/14, 47\/14, 12\/16, 60\/17, 10\/18 i 109\/20), Op\u0161tinska izborna komisije Tuzi utvrdi\u0107e \u017erijebanjem redosljed na zbirnoj izbornoj listi za izbore za izbor odbornika u Skup\u0161tini op\u0161tine Tuzi, koji \u0107e se&#8230; <a href=\"https:\/\/dikcg.me\/wpold\/tuzi\/obavjestenje-njoftim-2\/\">Read more <i class=\"fas fa-angle-right\"><\/i><\/a>","protected":false},"author":81,"featured_media":0,"comment_status":"closed","ping_status":"closed","sticky":false,"template":"","format":"standard","meta":{"footnotes":""},"categories":[196,136],"tags":[],"_links":{"self":[{"href":"https:\/\/dikcg.me\/wpold\/tuzi\/wp-json\/wp\/v2\/posts\/3491"}],"collection":[{"href":"https:\/\/dikcg.me\/wpold\/tuzi\/wp-json\/wp\/v2\/posts"}],"about":[{"href":"https:\/\/dikcg.me\/wpold\/tuzi\/wp-json\/wp\/v2\/types\/post"}],"author":[{"embeddable":true,"href":"https:\/\/dikcg.me\/wpold\/tuzi\/wp-json\/wp\/v2\/users\/81"}],"replies":[{"embeddable":true,"href":"https:\/\/dikcg.me\/wpold\/tuzi\/wp-json\/wp\/v2\/comments?post=3491"}],"version-history":[{"count":1,"href":"https:\/\/dikcg.me\/wpold\/tuzi\/wp-json\/wp\/v2\/posts\/3491\/revisions"}],"predecessor-version":[{"id":3492,"href":"https:\/\/dikcg.me\/wpold\/tuzi\/wp-json\/wp\/v2\/posts\/3491\/revisions\/3492"}],"wp:attachment":[{"href":"https:\/\/dikcg.me\/wpold\/tuzi\/wp-json\/wp\/v2\/media?parent=3491"}],"wp:term":[{"taxonomy":"category","embeddable":true,"href":"https:\/\/dikcg.me\/wpold\/tuzi\/wp-json\/wp\/v2\/categories?post=3491"},{"taxonomy":"post_tag","embeddable":true,"href":"https:\/\/dikcg.me\/wpold\/tuzi\/wp-json\/wp\/v2\/tags?post=3491"}],"curies":[{"name":"wp","href":"https:\/\/api.w.org\/{rel}","templated":true}]}}