{"id":3451,"date":"2023-02-09T17:52:32","date_gmt":"2023-02-09T16:52:32","guid":{"rendered":"https:\/\/tuzi.dik.co.me\/?p=3451"},"modified":"2023-02-09T17:52:32","modified_gmt":"2023-02-09T16:52:32","slug":"rjesenje-o-proglasenju-izborne-liste-aleksa-becic-stjefan-camaj-demokrate-jaci-smo-zajedno-aktvendim-mbi-shpalljen-e-listes-zgjedhore-alleksa","status":"publish","type":"post","link":"https:\/\/dikcg.me\/wpold\/tuzi\/rjesenje-o-proglasenju-izborne-liste-aleksa-becic-stjefan-camaj-demokrate-jaci-smo-zajedno-aktvendim-mbi-shpalljen-e-listes-zgjedhore-alleksa\/","title":{"rendered":"Rje\u0161enje o progla\u0161enju izborne liste \u201eAleksa Be\u010di\u0107 \u2013 \u0160tjefan Camaj \u2013 Demokrate \u2013 Ja\u010di smo zajedno\u201d \/ Aktvendim mbi shpalljen e list\u00ebs zgjedhore \u201eAlleksa Be\u00e7iq \u2013 Shtjefen Camaj \u2013 Demokrat\u00ebt \u2013 S\u00eb bashku jemi m\u00eb t\u00eb fort\u00eb\u201d"},"content":{"rendered":"","protected":false},"excerpt":{"rendered":"","protected":false},"author":81,"featured_media":0,"comment_status":"closed","ping_status":"closed","sticky":false,"template":"","format":"standard","meta":{"footnotes":""},"categories":[196,136],"tags":[],"_links":{"self":[{"href":"https:\/\/dikcg.me\/wpold\/tuzi\/wp-json\/wp\/v2\/posts\/3451"}],"collection":[{"href":"https:\/\/dikcg.me\/wpold\/tuzi\/wp-json\/wp\/v2\/posts"}],"about":[{"href":"https:\/\/dikcg.me\/wpold\/tuzi\/wp-json\/wp\/v2\/types\/post"}],"author":[{"embeddable":true,"href":"https:\/\/dikcg.me\/wpold\/tuzi\/wp-json\/wp\/v2\/users\/81"}],"replies":[{"embeddable":true,"href":"https:\/\/dikcg.me\/wpold\/tuzi\/wp-json\/wp\/v2\/comments?post=3451"}],"version-history":[{"count":1,"href":"https:\/\/dikcg.me\/wpold\/tuzi\/wp-json\/wp\/v2\/posts\/3451\/revisions"}],"predecessor-version":[{"id":3454,"href":"https:\/\/dikcg.me\/wpold\/tuzi\/wp-json\/wp\/v2\/posts\/3451\/revisions\/3454"}],"wp:attachment":[{"href":"https:\/\/dikcg.me\/wpold\/tuzi\/wp-json\/wp\/v2\/media?parent=3451"}],"wp:term":[{"taxonomy":"category","embeddable":true,"href":"https:\/\/dikcg.me\/wpold\/tuzi\/wp-json\/wp\/v2\/categories?post=3451"},{"taxonomy":"post_tag","embeddable":true,"href":"https:\/\/dikcg.me\/wpold\/tuzi\/wp-json\/wp\/v2\/tags?post=3451"}],"curies":[{"name":"wp","href":"https:\/\/api.w.org\/{rel}","templated":true}]}}