{"id":3364,"date":"2020-09-01T09:56:12","date_gmt":"2020-09-01T08:56:12","guid":{"rendered":"https:\/\/tuzi.dik.co.me\/?p=3364"},"modified":"2020-09-01T09:56:12","modified_gmt":"2020-09-01T08:56:12","slug":"izvjestaj-o-rezultatima-glasanja-za-izbor-poslanika-u-skupstini-crne-gore-raport-mbi-rezultatet-per-zgjedhjen-e-deputeteve-ne-kuvendin-e-malit-te-zi","status":"publish","type":"post","link":"https:\/\/dikcg.me\/wpold\/tuzi\/izvjestaj-o-rezultatima-glasanja-za-izbor-poslanika-u-skupstini-crne-gore-raport-mbi-rezultatet-per-zgjedhjen-e-deputeteve-ne-kuvendin-e-malit-te-zi\/","title":{"rendered":"Izvje\u0161taj o rezultatima glasanja za izbor poslanika u Skup\u0161tini Crne Gore &#8211; Raport mbi rezultatet p\u00ebr zgjedhjen e deputet\u00ebve n\u00eb Kuvendin e Malit t\u00eb Zi"},"content":{"rendered":"","protected":false},"excerpt":{"rendered":"","protected":false},"author":81,"featured_media":0,"comment_status":"closed","ping_status":"closed","sticky":false,"template":"","format":"standard","meta":{"footnotes":""},"categories":[194,136,184],"tags":[],"_links":{"self":[{"href":"https:\/\/dikcg.me\/wpold\/tuzi\/wp-json\/wp\/v2\/posts\/3364"}],"collection":[{"href":"https:\/\/dikcg.me\/wpold\/tuzi\/wp-json\/wp\/v2\/posts"}],"about":[{"href":"https:\/\/dikcg.me\/wpold\/tuzi\/wp-json\/wp\/v2\/types\/post"}],"author":[{"embeddable":true,"href":"https:\/\/dikcg.me\/wpold\/tuzi\/wp-json\/wp\/v2\/users\/81"}],"replies":[{"embeddable":true,"href":"https:\/\/dikcg.me\/wpold\/tuzi\/wp-json\/wp\/v2\/comments?post=3364"}],"version-history":[{"count":1,"href":"https:\/\/dikcg.me\/wpold\/tuzi\/wp-json\/wp\/v2\/posts\/3364\/revisions"}],"predecessor-version":[{"id":3367,"href":"https:\/\/dikcg.me\/wpold\/tuzi\/wp-json\/wp\/v2\/posts\/3364\/revisions\/3367"}],"wp:attachment":[{"href":"https:\/\/dikcg.me\/wpold\/tuzi\/wp-json\/wp\/v2\/media?parent=3364"}],"wp:term":[{"taxonomy":"category","embeddable":true,"href":"https:\/\/dikcg.me\/wpold\/tuzi\/wp-json\/wp\/v2\/categories?post=3364"},{"taxonomy":"post_tag","embeddable":true,"href":"https:\/\/dikcg.me\/wpold\/tuzi\/wp-json\/wp\/v2\/tags?post=3364"}],"curies":[{"name":"wp","href":"https:\/\/api.w.org\/{rel}","templated":true}]}}