{"id":3334,"date":"2020-08-17T10:45:31","date_gmt":"2020-08-17T09:45:31","guid":{"rendered":"https:\/\/tuzi.dik.co.me\/?p=3334"},"modified":"2020-08-17T11:19:42","modified_gmt":"2020-08-17T10:19:42","slug":"rjesenje-o-pravu-na-imenovanje-predsjednika-u-stalni-sastav-birackih-odbora-aktvendimin-e-ri-mbi-te-drejten-e-emerimit-te-kryetareve-ne-perberjen-e-perhershme-ne-keshillat-zgjedhor","status":"publish","type":"post","link":"https:\/\/dikcg.me\/wpold\/tuzi\/rjesenje-o-pravu-na-imenovanje-predsjednika-u-stalni-sastav-birackih-odbora-aktvendimin-e-ri-mbi-te-drejten-e-emerimit-te-kryetareve-ne-perberjen-e-perhershme-ne-keshillat-zgjedhor\/","title":{"rendered":"Rjesenje o pravu na imenovanje predsjednika u stalni sastav bira\u010dkih odbora \/ Aktvendim mbi t\u00eb drejt\u00ebn e em\u00ebrimit t\u00eb kryetar\u00ebve n\u00eb p\u00ebrb\u00ebrjen e p\u00ebrhershme n\u00eb k\u00ebshillat zgjedhor"},"content":{"rendered":"","protected":false},"excerpt":{"rendered":"","protected":false},"author":81,"featured_media":0,"comment_status":"closed","ping_status":"closed","sticky":false,"template":"","format":"standard","meta":{"footnotes":""},"categories":[194,136,173,184],"tags":[],"_links":{"self":[{"href":"https:\/\/dikcg.me\/wpold\/tuzi\/wp-json\/wp\/v2\/posts\/3334"}],"collection":[{"href":"https:\/\/dikcg.me\/wpold\/tuzi\/wp-json\/wp\/v2\/posts"}],"about":[{"href":"https:\/\/dikcg.me\/wpold\/tuzi\/wp-json\/wp\/v2\/types\/post"}],"author":[{"embeddable":true,"href":"https:\/\/dikcg.me\/wpold\/tuzi\/wp-json\/wp\/v2\/users\/81"}],"replies":[{"embeddable":true,"href":"https:\/\/dikcg.me\/wpold\/tuzi\/wp-json\/wp\/v2\/comments?post=3334"}],"version-history":[{"count":2,"href":"https:\/\/dikcg.me\/wpold\/tuzi\/wp-json\/wp\/v2\/posts\/3334\/revisions"}],"predecessor-version":[{"id":3338,"href":"https:\/\/dikcg.me\/wpold\/tuzi\/wp-json\/wp\/v2\/posts\/3334\/revisions\/3338"}],"wp:attachment":[{"href":"https:\/\/dikcg.me\/wpold\/tuzi\/wp-json\/wp\/v2\/media?parent=3334"}],"wp:term":[{"taxonomy":"category","embeddable":true,"href":"https:\/\/dikcg.me\/wpold\/tuzi\/wp-json\/wp\/v2\/categories?post=3334"},{"taxonomy":"post_tag","embeddable":true,"href":"https:\/\/dikcg.me\/wpold\/tuzi\/wp-json\/wp\/v2\/tags?post=3334"}],"curies":[{"name":"wp","href":"https:\/\/api.w.org\/{rel}","templated":true}]}}