{"id":3098,"date":"2019-02-25T09:21:34","date_gmt":"2019-02-25T08:21:34","guid":{"rendered":"http:\/\/tuzi.dik.co.me\/?p=3098\/"},"modified":"2020-07-07T12:23:49","modified_gmt":"2020-07-07T11:23:49","slug":"obavjestenje-za-biracke-odbore-njoftim-per-keshilla-zgjedhor","status":"publish","type":"post","link":"https:\/\/dikcg.me\/wpold\/tuzi\/obavjestenje-za-biracke-odbore-njoftim-per-keshilla-zgjedhor\/","title":{"rendered":"Obavje\u0161tenje za bira\u010dke odbore \/ Njoftim p\u00ebr k\u00ebshilla zgjedhor"},"content":{"rendered":"<p><strong>O b a v j e \u0161 t e n j e<\/strong><\/p>\n<p>Op\u0161tinska izborna komisija Tuzi nastavlja sa obukom o procedurama za rad bira\u010dkih odbora. Pozivaju se predsjednici i \u010dlanovi bira\u010dkih odbora kao i njihovi zamjenici da u utorak 26.02.2019.god.sa po\u010detkom u 19 \u010dasova u prostorijama KIC \u201cMalesija\u201d prisustvuju edukaciji.<\/p>\n<p>Edukaciju \u0107e vr\u0161iti treneri i edukatori delegirani od strane Dr\u017eavne izborne komisije, uz prisustvo posmatra\u010da OEBS-a.<\/p>\n<p><em>\u00a0<\/em><strong><em>N j o f t i m<\/em><\/strong><\/p>\n<p><em>\u00a0<\/em><em>Komisioni komunal zgjedhor i Tuzit vazhdon me trajnimin mbi procedurat e pun\u00ebs s\u00eb k\u00ebshillave zgjedhor. Ftohen kryetar\u00ebt dhe an\u00ebtar\u00ebt e k\u00ebshillave zgjedhor, si dhe z\u00ebvend\u00ebsit e tyre q\u00eb dit\u00ebn e mart\u00eb m\u00eb 26.02.2019 me fillim n\u00eb ora 19 n\u00eb lokalet e QIK \u201cMal\u00ebsia\u201d t\u00eb marrin pjes\u00eb n\u00eb k\u00ebt\u00eb trajnim. <\/em><\/p>\n<p><em>Edukimin do t\u00eb udh\u00ebheqin trajner\u00ebt dhe edukator t\u00eb deleguar nga ana e Komisionit zgjedhor t\u00eb shtetit, n\u00eb prani t\u00eb v\u00ebzhguesit t\u00eb OEBS-it. <\/em><\/p>\n<p>&nbsp;<\/p>\n","protected":false},"excerpt":{"rendered":"O b a v j e \u0161 t e n j e Op\u0161tinska izborna komisija Tuzi nastavlja sa obukom o procedurama za rad bira\u010dkih odbora. Pozivaju se predsjednici i \u010dlanovi bira\u010dkih odbora kao i njihovi zamjenici da u utorak 26.02.2019.god.sa po\u010detkom u 19 \u010dasova u prostorijama KIC \u201cMalesija\u201d prisustvuju edukaciji. Edukaciju \u0107e vr\u0161iti treneri i&#8230; <a href=\"https:\/\/dikcg.me\/wpold\/tuzi\/obavjestenje-za-biracke-odbore-njoftim-per-keshilla-zgjedhor\/\">Read more <i class=\"fas fa-angle-right\"><\/i><\/a>","protected":false},"author":1,"featured_media":0,"comment_status":"closed","ping_status":"closed","sticky":false,"template":"","format":"standard","meta":{"footnotes":""},"categories":[177],"tags":[],"_links":{"self":[{"href":"https:\/\/dikcg.me\/wpold\/tuzi\/wp-json\/wp\/v2\/posts\/3098"}],"collection":[{"href":"https:\/\/dikcg.me\/wpold\/tuzi\/wp-json\/wp\/v2\/posts"}],"about":[{"href":"https:\/\/dikcg.me\/wpold\/tuzi\/wp-json\/wp\/v2\/types\/post"}],"author":[{"embeddable":true,"href":"https:\/\/dikcg.me\/wpold\/tuzi\/wp-json\/wp\/v2\/users\/1"}],"replies":[{"embeddable":true,"href":"https:\/\/dikcg.me\/wpold\/tuzi\/wp-json\/wp\/v2\/comments?post=3098"}],"version-history":[{"count":2,"href":"https:\/\/dikcg.me\/wpold\/tuzi\/wp-json\/wp\/v2\/posts\/3098\/revisions"}],"predecessor-version":[{"id":3101,"href":"https:\/\/dikcg.me\/wpold\/tuzi\/wp-json\/wp\/v2\/posts\/3098\/revisions\/3101"}],"wp:attachment":[{"href":"https:\/\/dikcg.me\/wpold\/tuzi\/wp-json\/wp\/v2\/media?parent=3098"}],"wp:term":[{"taxonomy":"category","embeddable":true,"href":"https:\/\/dikcg.me\/wpold\/tuzi\/wp-json\/wp\/v2\/categories?post=3098"},{"taxonomy":"post_tag","embeddable":true,"href":"https:\/\/dikcg.me\/wpold\/tuzi\/wp-json\/wp\/v2\/tags?post=3098"}],"curies":[{"name":"wp","href":"https:\/\/api.w.org\/{rel}","templated":true}]}}