{"id":3065,"date":"2019-02-09T08:53:56","date_gmt":"2019-02-09T07:53:56","guid":{"rendered":"http:\/\/tuzi.dik.co.me\/?p=3065\/"},"modified":"2020-07-07T12:24:11","modified_gmt":"2020-07-07T11:24:11","slug":"obavjestenje-politickim-partijama-za-zrijebanje-birackih-odbora-njoftim-partive-politike-mbi-hedhjen-e-shortit-te-kryetareve-te-keshillave-zgjedhor","status":"publish","type":"post","link":"https:\/\/dikcg.me\/wpold\/tuzi\/obavjestenje-politickim-partijama-za-zrijebanje-birackih-odbora-njoftim-partive-politike-mbi-hedhjen-e-shortit-te-kryetareve-te-keshillave-zgjedhor\/","title":{"rendered":"Obavje\u0161tenje politi\u010dkim partijama za \u017erijebanje predsjednika bira\u010dkih odbora  \/  Njoftim partive politike mbi hedhjen e shortit t\u00eb kryetar\u00ebve t\u00eb k\u00ebshillave zgjedhor"},"content":{"rendered":"<p>Shodno \u010dlanu 35 stav 2 Zakona o izboru odbornika i poslanika (&#8220;Slu\u017ebeni list RCG&#8221;, brroj 4\/98, 17\/98, 14\/00, 9\/01, 41\/02, 46\/02, i 48\/06 i &#8220;Slu\u017ebeni list CG&#8221;,broj 46\/11, 14\/14, 47\/14 I 12\/16) Op\u0161tinska izborna komisija Tuzi izvr\u0161i\u0107e \u017erijebanje predsjednika bira\u010dkih odbora za bira\u010dka mjesta na teritoriji op\u0161tine Tuzi.<\/p>\n<p><em>N\u00eb baz\u00eb t\u00eb nenit 49 paragrafi 2 t\u00eb Ligjit mbi zgjedhjen e k\u00ebshilltar\u00ebve dhe deputet\u00ebve (\u201cFleta zyrtare e RMZ\u201d, nr. 04\/98, 17\/98, 14\/00, 09\/01, 41\/02, 46\/02 dhe 48\/06 dhe \u201cFleta zyrtare e MZ\u201d, nr. 46\/11,14\/14, 47\/14, dhe 12\/16) Komisioni komunal zgjedhor i Tuzit, me an\u00eb t\u00eb hedhjes s\u00eb shortit do t\u00eb p\u00ebrcaktoj\u00eb kryetar\u00ebt e k\u00ebshillave zgjedhor p\u00ebr vendvotime n\u00eb territorin e komun\u00ebs s\u00eb Tuzit.<\/em><\/p>\n<p><strong>\u00a0<\/strong><\/p>\n<p>Obavje\u0161tavamo Vas da \u0107e se <strong>\u017erijebanje<\/strong> obaviti u subotu, <strong>09.02.2019. godine<\/strong> sa po\u010detkom u <strong>11:00 \u010dasova<\/strong> u prostorijama Op\u0161tinske izborne komisije Tuzi.<\/p>\n<p><em>Ju njoftojm\u00eb se <strong>shorti do t\u00eb hidhet<\/strong> t\u00eb shtun\u00ebn m\u00eb <strong>09.02.2019<\/strong> me fillim n\u00eb <strong>ora<\/strong> <strong>11:00 <\/strong>\u00a0n\u00eb lokalet e Komisionit komunal zgjedhor t\u00eb Tuzit.<\/em><\/p>\n<p>&nbsp;<\/p>\n<p>Tim povodom pozivamo vas da prisustvujete \u017erijebanju.<\/p>\n<p><em>Me k\u00ebt\u00eb rast ju ftojm\u00eb t\u00eb merrni pjes\u00eb n\u00eb hedhjen e shortit. <\/em><\/p>\n<p><strong>\u00a0<\/strong><\/p>\n<p>S po\u0161tovanjem,<\/p>\n<p><em>Me respekt, <\/em><\/p>\n<p style=\"text-align: center;\"><strong>PREDSJEDNIK OIK\/ <em>KRYETARI I KKZ<\/em><\/strong><\/p>\n<p style=\"text-align: center;\">\u0160tjefan Ujki\u0107<\/p>\n","protected":false},"excerpt":{"rendered":"Shodno \u010dlanu 35 stav 2 Zakona o izboru odbornika i poslanika (&#8220;Slu\u017ebeni list RCG&#8221;, brroj 4\/98, 17\/98, 14\/00, 9\/01, 41\/02, 46\/02, i 48\/06 i &#8220;Slu\u017ebeni list CG&#8221;,broj 46\/11, 14\/14, 47\/14 I 12\/16) Op\u0161tinska izborna komisija Tuzi izvr\u0161i\u0107e \u017erijebanje predsjednika bira\u010dkih odbora za bira\u010dka mjesta na teritoriji op\u0161tine Tuzi. N\u00eb baz\u00eb t\u00eb nenit 49 paragrafi 2&#8230; <a href=\"https:\/\/dikcg.me\/wpold\/tuzi\/obavjestenje-politickim-partijama-za-zrijebanje-birackih-odbora-njoftim-partive-politike-mbi-hedhjen-e-shortit-te-kryetareve-te-keshillave-zgjedhor\/\">Read more <i class=\"fas fa-angle-right\"><\/i><\/a>","protected":false},"author":1,"featured_media":0,"comment_status":"closed","ping_status":"closed","sticky":false,"template":"","format":"standard","meta":{"footnotes":""},"categories":[177],"tags":[],"_links":{"self":[{"href":"https:\/\/dikcg.me\/wpold\/tuzi\/wp-json\/wp\/v2\/posts\/3065"}],"collection":[{"href":"https:\/\/dikcg.me\/wpold\/tuzi\/wp-json\/wp\/v2\/posts"}],"about":[{"href":"https:\/\/dikcg.me\/wpold\/tuzi\/wp-json\/wp\/v2\/types\/post"}],"author":[{"embeddable":true,"href":"https:\/\/dikcg.me\/wpold\/tuzi\/wp-json\/wp\/v2\/users\/1"}],"replies":[{"embeddable":true,"href":"https:\/\/dikcg.me\/wpold\/tuzi\/wp-json\/wp\/v2\/comments?post=3065"}],"version-history":[{"count":3,"href":"https:\/\/dikcg.me\/wpold\/tuzi\/wp-json\/wp\/v2\/posts\/3065\/revisions"}],"predecessor-version":[{"id":3136,"href":"https:\/\/dikcg.me\/wpold\/tuzi\/wp-json\/wp\/v2\/posts\/3065\/revisions\/3136"}],"wp:attachment":[{"href":"https:\/\/dikcg.me\/wpold\/tuzi\/wp-json\/wp\/v2\/media?parent=3065"}],"wp:term":[{"taxonomy":"category","embeddable":true,"href":"https:\/\/dikcg.me\/wpold\/tuzi\/wp-json\/wp\/v2\/categories?post=3065"},{"taxonomy":"post_tag","embeddable":true,"href":"https:\/\/dikcg.me\/wpold\/tuzi\/wp-json\/wp\/v2\/tags?post=3065"}],"curies":[{"name":"wp","href":"https:\/\/api.w.org\/{rel}","templated":true}]}}