{"id":3021,"date":"2019-02-06T13:22:13","date_gmt":"2019-02-06T12:22:13","guid":{"rendered":"http:\/\/tuzi.dik.co.me\/?p=3021\/"},"modified":"2020-07-07T12:32:05","modified_gmt":"2020-07-07T11:32:05","slug":"rjesenje-o-imenovanju-predsjednika-i-zamjenika-birackih-odbora-aktvendim-mbi-emerimin-e-kryetareve-dhe-zevendesve-te-keshillave-zgjedhor","status":"publish","type":"post","link":"https:\/\/dikcg.me\/wpold\/tuzi\/rjesenje-o-imenovanju-predsjednika-i-zamjenika-birackih-odbora-aktvendim-mbi-emerimin-e-kryetareve-dhe-zevendesve-te-keshillave-zgjedhor\/","title":{"rendered":"Rje\u0161enje o imenovanju predsjednika i zamjenika bira\u010dkih odbora"},"content":{"rendered":"<h3>Aktvendim mbi em\u00ebrimin e kryetar\u00ebve dhe z\u00ebvend\u00ebsve t\u00eb k\u00ebshillave zgjedhor<\/h3>\n","protected":false},"excerpt":{"rendered":"Aktvendim mbi em\u00ebrimin e kryetar\u00ebve dhe z\u00ebvend\u00ebsve t\u00eb k\u00ebshillave zgjedhor","protected":false},"author":1,"featured_media":0,"comment_status":"closed","ping_status":"closed","sticky":false,"template":"","format":"standard","meta":{"footnotes":""},"categories":[177],"tags":[],"_links":{"self":[{"href":"https:\/\/dikcg.me\/wpold\/tuzi\/wp-json\/wp\/v2\/posts\/3021"}],"collection":[{"href":"https:\/\/dikcg.me\/wpold\/tuzi\/wp-json\/wp\/v2\/posts"}],"about":[{"href":"https:\/\/dikcg.me\/wpold\/tuzi\/wp-json\/wp\/v2\/types\/post"}],"author":[{"embeddable":true,"href":"https:\/\/dikcg.me\/wpold\/tuzi\/wp-json\/wp\/v2\/users\/1"}],"replies":[{"embeddable":true,"href":"https:\/\/dikcg.me\/wpold\/tuzi\/wp-json\/wp\/v2\/comments?post=3021"}],"version-history":[{"count":2,"href":"https:\/\/dikcg.me\/wpold\/tuzi\/wp-json\/wp\/v2\/posts\/3021\/revisions"}],"predecessor-version":[{"id":3262,"href":"https:\/\/dikcg.me\/wpold\/tuzi\/wp-json\/wp\/v2\/posts\/3021\/revisions\/3262"}],"wp:attachment":[{"href":"https:\/\/dikcg.me\/wpold\/tuzi\/wp-json\/wp\/v2\/media?parent=3021"}],"wp:term":[{"taxonomy":"category","embeddable":true,"href":"https:\/\/dikcg.me\/wpold\/tuzi\/wp-json\/wp\/v2\/categories?post=3021"},{"taxonomy":"post_tag","embeddable":true,"href":"https:\/\/dikcg.me\/wpold\/tuzi\/wp-json\/wp\/v2\/tags?post=3021"}],"curies":[{"name":"wp","href":"https:\/\/api.w.org\/{rel}","templated":true}]}}