{"id":1135,"date":"2020-08-24T13:13:26","date_gmt":"2020-08-24T12:13:26","guid":{"rendered":"https:\/\/tivat.dik.co.me\/?p=1135"},"modified":"2022-03-22T07:32:11","modified_gmt":"2022-03-22T06:32:11","slug":"zakljucak-prosireni-sastav-za-buducnost-crne-gore","status":"publish","type":"post","link":"https:\/\/dikcg.me\/wpold\/tivat\/zakljucak-prosireni-sastav-za-buducnost-crne-gore\/","title":{"rendered":"Zaklju\u010dak &#8211; pro\u0161ireni sastav Za budu\u0107nost Crne Gore"},"content":{"rendered":"<p>Zaklju\u010dak &#8211; pro\u0161ireni sastav Za budu\u0107nost Crne Gore &#8211; <a href=\"https:\/\/dikcg.me\/wpold\/tivat\/wp-content\/uploads\/sites\/24\/2020\/08\/ZAKLJU\u010cAK-PRO\u0160IRENI-SASTAV-ZA-BUDU\u0106NOST-CRNE-GORE.pdf\">PDF<\/a><\/p>\n","protected":false},"excerpt":{"rendered":"Zaklju\u010dak &#8211; pro\u0161ireni sastav Za budu\u0107nost Crne Gore &#8211; PDF","protected":false},"author":80,"featured_media":0,"comment_status":"closed","ping_status":"closed","sticky":false,"template":"","format":"standard","meta":{"footnotes":""},"categories":[182],"tags":[],"_links":{"self":[{"href":"https:\/\/dikcg.me\/wpold\/tivat\/wp-json\/wp\/v2\/posts\/1135"}],"collection":[{"href":"https:\/\/dikcg.me\/wpold\/tivat\/wp-json\/wp\/v2\/posts"}],"about":[{"href":"https:\/\/dikcg.me\/wpold\/tivat\/wp-json\/wp\/v2\/types\/post"}],"author":[{"embeddable":true,"href":"https:\/\/dikcg.me\/wpold\/tivat\/wp-json\/wp\/v2\/users\/80"}],"replies":[{"embeddable":true,"href":"https:\/\/dikcg.me\/wpold\/tivat\/wp-json\/wp\/v2\/comments?post=1135"}],"version-history":[{"count":1,"href":"https:\/\/dikcg.me\/wpold\/tivat\/wp-json\/wp\/v2\/posts\/1135\/revisions"}],"predecessor-version":[{"id":1138,"href":"https:\/\/dikcg.me\/wpold\/tivat\/wp-json\/wp\/v2\/posts\/1135\/revisions\/1138"}],"wp:attachment":[{"href":"https:\/\/dikcg.me\/wpold\/tivat\/wp-json\/wp\/v2\/media?parent=1135"}],"wp:term":[{"taxonomy":"category","embeddable":true,"href":"https:\/\/dikcg.me\/wpold\/tivat\/wp-json\/wp\/v2\/categories?post=1135"},{"taxonomy":"post_tag","embeddable":true,"href":"https:\/\/dikcg.me\/wpold\/tivat\/wp-json\/wp\/v2\/tags?post=1135"}],"curies":[{"name":"wp","href":"https:\/\/api.w.org\/{rel}","templated":true}]}}