{"id":1045,"date":"2020-08-10T11:58:35","date_gmt":"2020-08-10T10:58:35","guid":{"rendered":"https:\/\/tivat.dik.co.me\/?p=1045"},"modified":"2022-03-22T07:35:54","modified_gmt":"2022-03-22T06:35:54","slug":"zakljucak-za-buducnost-crne-gore-demokratski-front","status":"publish","type":"post","link":"https:\/\/dikcg.me\/wpold\/tivat\/zakljucak-za-buducnost-crne-gore-demokratski-front\/","title":{"rendered":"Zaklju\u010dak &#8211; Za Budu\u0107nost Crne Gore &#8211; Demokratski Front"},"content":{"rendered":"<p>Zaklju\u010dak &#8211; Za Budu\u0107nost Crne Gore &#8211; Demokratski Front &#8211; <a href=\"https:\/\/dikcg.me\/wpold\/tivat\/wp-content\/uploads\/sites\/24\/2020\/08\/ZAKLJU\u010cAK-ZA-BUDU\u0106NOST-CRNE-GORE-DEMOKRATSKI-FRONT.pdf\">PDF<\/a><\/p>\n","protected":false},"excerpt":{"rendered":"Zaklju\u010dak &#8211; Za Budu\u0107nost Crne Gore &#8211; Demokratski Front &#8211; PDF","protected":false},"author":80,"featured_media":0,"comment_status":"closed","ping_status":"closed","sticky":false,"template":"","format":"standard","meta":{"footnotes":""},"categories":[182],"tags":[],"_links":{"self":[{"href":"https:\/\/dikcg.me\/wpold\/tivat\/wp-json\/wp\/v2\/posts\/1045"}],"collection":[{"href":"https:\/\/dikcg.me\/wpold\/tivat\/wp-json\/wp\/v2\/posts"}],"about":[{"href":"https:\/\/dikcg.me\/wpold\/tivat\/wp-json\/wp\/v2\/types\/post"}],"author":[{"embeddable":true,"href":"https:\/\/dikcg.me\/wpold\/tivat\/wp-json\/wp\/v2\/users\/80"}],"replies":[{"embeddable":true,"href":"https:\/\/dikcg.me\/wpold\/tivat\/wp-json\/wp\/v2\/comments?post=1045"}],"version-history":[{"count":1,"href":"https:\/\/dikcg.me\/wpold\/tivat\/wp-json\/wp\/v2\/posts\/1045\/revisions"}],"predecessor-version":[{"id":1048,"href":"https:\/\/dikcg.me\/wpold\/tivat\/wp-json\/wp\/v2\/posts\/1045\/revisions\/1048"}],"wp:attachment":[{"href":"https:\/\/dikcg.me\/wpold\/tivat\/wp-json\/wp\/v2\/media?parent=1045"}],"wp:term":[{"taxonomy":"category","embeddable":true,"href":"https:\/\/dikcg.me\/wpold\/tivat\/wp-json\/wp\/v2\/categories?post=1045"},{"taxonomy":"post_tag","embeddable":true,"href":"https:\/\/dikcg.me\/wpold\/tivat\/wp-json\/wp\/v2\/tags?post=1045"}],"curies":[{"name":"wp","href":"https:\/\/api.w.org\/{rel}","templated":true}]}}