{"id":484,"date":"2020-08-12T07:30:49","date_gmt":"2020-08-12T06:30:49","guid":{"rendered":"https:\/\/savnik.dik.co.me\/?p=484"},"modified":"2022-04-07T12:27:00","modified_gmt":"2022-04-07T11:27:00","slug":"oglasava-biracka-mjesta-za-izbor-poslanika-u-skupstini-crne-gore","status":"publish","type":"post","link":"https:\/\/dikcg.me\/wpold\/savnik\/oglasava-biracka-mjesta-za-izbor-poslanika-u-skupstini-crne-gore\/","title":{"rendered":"Ogla\u0161ava bira\u010dka mjesta za izbor poslanika u Skup\u0161tini Crne Gore"},"content":{"rendered":"<p>Dokument u prilogu<\/p>\n","protected":false},"excerpt":{"rendered":"Dokument u prilogu","protected":false},"author":79,"featured_media":0,"comment_status":"closed","ping_status":"closed","sticky":false,"template":"","format":"standard","meta":{"footnotes":""},"categories":[182],"tags":[186],"_links":{"self":[{"href":"https:\/\/dikcg.me\/wpold\/savnik\/wp-json\/wp\/v2\/posts\/484"}],"collection":[{"href":"https:\/\/dikcg.me\/wpold\/savnik\/wp-json\/wp\/v2\/posts"}],"about":[{"href":"https:\/\/dikcg.me\/wpold\/savnik\/wp-json\/wp\/v2\/types\/post"}],"author":[{"embeddable":true,"href":"https:\/\/dikcg.me\/wpold\/savnik\/wp-json\/wp\/v2\/users\/79"}],"replies":[{"embeddable":true,"href":"https:\/\/dikcg.me\/wpold\/savnik\/wp-json\/wp\/v2\/comments?post=484"}],"version-history":[{"count":1,"href":"https:\/\/dikcg.me\/wpold\/savnik\/wp-json\/wp\/v2\/posts\/484\/revisions"}],"predecessor-version":[{"id":487,"href":"https:\/\/dikcg.me\/wpold\/savnik\/wp-json\/wp\/v2\/posts\/484\/revisions\/487"}],"wp:attachment":[{"href":"https:\/\/dikcg.me\/wpold\/savnik\/wp-json\/wp\/v2\/media?parent=484"}],"wp:term":[{"taxonomy":"category","embeddable":true,"href":"https:\/\/dikcg.me\/wpold\/savnik\/wp-json\/wp\/v2\/categories?post=484"},{"taxonomy":"post_tag","embeddable":true,"href":"https:\/\/dikcg.me\/wpold\/savnik\/wp-json\/wp\/v2\/tags?post=484"}],"curies":[{"name":"wp","href":"https:\/\/api.w.org\/{rel}","templated":true}]}}