{"id":1500,"date":"2023-06-02T13:42:15","date_gmt":"2023-06-02T12:42:15","guid":{"rendered":"https:\/\/savnik.dik.co.me\/?p=1500"},"modified":"2023-06-02T13:42:15","modified_gmt":"2023-06-02T12:42:15","slug":"zakljucak-o-odredivanju-opunomocenih-predstavnika-u-prosireni-sastav-birackih-odbora-koalicija-za-buducnost-crne-gore-nsd-dnp-rp","status":"publish","type":"post","link":"https:\/\/dikcg.me\/wpold\/savnik\/zakljucak-o-odredivanju-opunomocenih-predstavnika-u-prosireni-sastav-birackih-odbora-koalicija-za-buducnost-crne-gore-nsd-dnp-rp\/","title":{"rendered":"Zaklju\u010dak o odre\u0111ivanju opunomo\u0107enih predstavnika u pro\u0161ireni sastav bira\u010dkih odbora-Koalicija Za  budu\u0107nost Crne Gore (NSD, DNP, RP)"},"content":{"rendered":"","protected":false},"excerpt":{"rendered":"","protected":false},"author":79,"featured_media":0,"comment_status":"closed","ping_status":"closed","sticky":false,"template":"","format":"standard","meta":{"footnotes":""},"categories":[195,168],"tags":[],"_links":{"self":[{"href":"https:\/\/dikcg.me\/wpold\/savnik\/wp-json\/wp\/v2\/posts\/1500"}],"collection":[{"href":"https:\/\/dikcg.me\/wpold\/savnik\/wp-json\/wp\/v2\/posts"}],"about":[{"href":"https:\/\/dikcg.me\/wpold\/savnik\/wp-json\/wp\/v2\/types\/post"}],"author":[{"embeddable":true,"href":"https:\/\/dikcg.me\/wpold\/savnik\/wp-json\/wp\/v2\/users\/79"}],"replies":[{"embeddable":true,"href":"https:\/\/dikcg.me\/wpold\/savnik\/wp-json\/wp\/v2\/comments?post=1500"}],"version-history":[{"count":1,"href":"https:\/\/dikcg.me\/wpold\/savnik\/wp-json\/wp\/v2\/posts\/1500\/revisions"}],"predecessor-version":[{"id":1510,"href":"https:\/\/dikcg.me\/wpold\/savnik\/wp-json\/wp\/v2\/posts\/1500\/revisions\/1510"}],"wp:attachment":[{"href":"https:\/\/dikcg.me\/wpold\/savnik\/wp-json\/wp\/v2\/media?parent=1500"}],"wp:term":[{"taxonomy":"category","embeddable":true,"href":"https:\/\/dikcg.me\/wpold\/savnik\/wp-json\/wp\/v2\/categories?post=1500"},{"taxonomy":"post_tag","embeddable":true,"href":"https:\/\/dikcg.me\/wpold\/savnik\/wp-json\/wp\/v2\/tags?post=1500"}],"curies":[{"name":"wp","href":"https:\/\/api.w.org\/{rel}","templated":true}]}}