{"id":1082,"date":"2022-12-02T15:32:21","date_gmt":"2022-12-02T14:32:21","guid":{"rendered":"https:\/\/savnik.dik.co.me\/?p=1082"},"modified":"2022-12-02T15:32:21","modified_gmt":"2022-12-02T14:32:21","slug":"odluka-o-raspisivanju-izbora-za-izbor-odbornika-u-so-savnik-na-birackom-mjestu-broj-14-kafana-u-krusevicama","status":"publish","type":"post","link":"https:\/\/dikcg.me\/wpold\/savnik\/odluka-o-raspisivanju-izbora-za-izbor-odbornika-u-so-savnik-na-birackom-mjestu-broj-14-kafana-u-krusevicama\/","title":{"rendered":"Odluka o raspisivanju izbora za izbor odbornika u SO \u0160avnik na bira\u010dkom mjestu broj 14 Kafana u Kru\u0161evicama"},"content":{"rendered":"","protected":false},"excerpt":{"rendered":"","protected":false},"author":79,"featured_media":0,"comment_status":"closed","ping_status":"closed","sticky":false,"template":"","format":"standard","meta":{"footnotes":""},"categories":[192,167],"tags":[],"_links":{"self":[{"href":"https:\/\/dikcg.me\/wpold\/savnik\/wp-json\/wp\/v2\/posts\/1082"}],"collection":[{"href":"https:\/\/dikcg.me\/wpold\/savnik\/wp-json\/wp\/v2\/posts"}],"about":[{"href":"https:\/\/dikcg.me\/wpold\/savnik\/wp-json\/wp\/v2\/types\/post"}],"author":[{"embeddable":true,"href":"https:\/\/dikcg.me\/wpold\/savnik\/wp-json\/wp\/v2\/users\/79"}],"replies":[{"embeddable":true,"href":"https:\/\/dikcg.me\/wpold\/savnik\/wp-json\/wp\/v2\/comments?post=1082"}],"version-history":[{"count":1,"href":"https:\/\/dikcg.me\/wpold\/savnik\/wp-json\/wp\/v2\/posts\/1082\/revisions"}],"predecessor-version":[{"id":1085,"href":"https:\/\/dikcg.me\/wpold\/savnik\/wp-json\/wp\/v2\/posts\/1082\/revisions\/1085"}],"wp:attachment":[{"href":"https:\/\/dikcg.me\/wpold\/savnik\/wp-json\/wp\/v2\/media?parent=1082"}],"wp:term":[{"taxonomy":"category","embeddable":true,"href":"https:\/\/dikcg.me\/wpold\/savnik\/wp-json\/wp\/v2\/categories?post=1082"},{"taxonomy":"post_tag","embeddable":true,"href":"https:\/\/dikcg.me\/wpold\/savnik\/wp-json\/wp\/v2\/tags?post=1082"}],"curies":[{"name":"wp","href":"https:\/\/api.w.org\/{rel}","templated":true}]}}