{"id":867,"date":"2020-08-15T13:53:16","date_gmt":"2020-08-15T12:53:16","guid":{"rendered":"https:\/\/rozaje.dik.co.me\/?p=867"},"modified":"2020-08-15T22:58:38","modified_gmt":"2020-08-15T21:58:38","slug":"rjesenje-o-imenovanju-birackog-odbora-za-izbor-poslanika-u-skupstinu-crne-gore","status":"publish","type":"post","link":"https:\/\/dikcg.me\/wpold\/rozaje\/rjesenje-o-imenovanju-birackog-odbora-za-izbor-poslanika-u-skupstinu-crne-gore\/","title":{"rendered":"Rje\u0161enja o imenovanju bira\u010dkog odbora za izbor poslanika u Skup\u0161tinu Crne Gore"},"content":{"rendered":"<ol>\n<li>\n<pre style=\"text-align: left\"><span style=\"color: #003366\"><a style=\"color: #003366\" href=\"https:\/\/dikcg.me\/wpold\/rozaje\/wp-content\/uploads\/sites\/5\/2020\/08\/Birac\u030cko-Mjesto-br.-1-Lijeva-obala-Ibra-4.pdf\">Rje\u0161enje o imenovanju bira\u010dkog odbora za izbor poslanika u Skup\u0161tinu Crne Gore<\/a>\r\n\r\n<\/span><\/pre>\n<\/li>\n<li style=\"text-align: left\">\n<pre><span style=\"color: #003366\"><a style=\"color: #003366\" href=\"https:\/\/dikcg.me\/wpold\/rozaje\/wp-content\/uploads\/sites\/5\/2020\/08\/Birac\u030cko-Mjesto-br.-2-Desna-obala-Ibra-I-4.pdf\">Rje\u0161enje o imenovanju bira\u010dkog odbora za izbor poslanika u Skup\u0161tinu Crne Gore<\/a>\r\n\r\n<\/span><\/pre>\n<\/li>\n<li style=\"text-align: left\">\n<pre><span style=\"color: #003366\"><a style=\"color: #003366\" href=\"https:\/\/dikcg.me\/wpold\/rozaje\/wp-content\/uploads\/sites\/5\/2020\/08\/Birac\u030cko-Mjesto-br.-3-Desna-obala-Ibra-II-4.pdf\">Rje\u0161enje o imenovanju bira\u010dkog odbora za izbor poslanika u Skup\u0161tinu Crne Gore<\/a>\r\n\r\n<\/span><\/pre>\n<\/li>\n<li style=\"text-align: left\">\n<pre><span style=\"color: #003366\"><a style=\"color: #003366\" href=\"https:\/\/dikcg.me\/wpold\/rozaje\/wp-content\/uploads\/sites\/5\/2020\/08\/Birac\u030cko-Mjesto-br.-4-Ibarac-4.pdf\">Rje\u0161enje o imenovanju bira\u010dkog odbora za izbor poslanika u Skup\u0161tinu Crne Gore<\/a>\r\n\r\n<\/span><\/pre>\n<\/li>\n<li style=\"text-align: left\">\n<pre><span style=\"color: #003366\"><a style=\"color: #003366\" href=\"https:\/\/dikcg.me\/wpold\/rozaje\/wp-content\/uploads\/sites\/5\/2020\/08\/Birac\u030cko-Mjesto-br.-5-Dacic\u0301e-4.pdf\">Rje\u0161enje o imenovanju bira\u010dkog odbora za izbor poslanika u Skup\u0161tinu Crne Gore<\/a>\r\n\r\n<\/span><\/pre>\n<\/li>\n<li style=\"text-align: left\">\n<pre><span style=\"color: #003366\"><a style=\"color: #003366\" href=\"https:\/\/dikcg.me\/wpold\/rozaje\/wp-content\/uploads\/sites\/5\/2020\/08\/Birac\u030cko-Mjesto-br.-6-Koljeno-4.pdf\">Rje\u0161enje o imenovanju bira\u010dkog odbora za izbor poslanika u Skup\u0161tinu Crne Gore<\/a>\r\n\r\n<\/span><\/pre>\n<\/li>\n<li style=\"text-align: left\">\n<pre><span style=\"color: #003366\"><a style=\"color: #003366\" href=\"https:\/\/dikcg.me\/wpold\/rozaje\/wp-content\/uploads\/sites\/5\/2020\/08\/Birac\u030cko-Mjesto-br.-7-Kalac\u030ce-4.pdf\">Rje\u0161enje o imenovanju bira\u010dkog odbora za izbor poslanika u Skup\u0161tinu Crne Gore<\/a>\r\n\r\n<\/span><\/pre>\n<\/li>\n<li style=\"text-align: left\">\n<pre><span style=\"color: #003366\"><a style=\"color: #003366\" href=\"https:\/\/dikcg.me\/wpold\/rozaje\/wp-content\/uploads\/sites\/5\/2020\/08\/Birac\u030cko-Mjesto-br.-8-Seos\u030cnica-3.pdf\">Rje\u0161enje o imenovanju bira\u010dkog odbora za izbor poslanika u Skup\u0161tinu Crne Gore<\/a>\r\n\r\n<\/span><\/pre>\n<\/li>\n<li style=\"text-align: left\">\n<pre><span style=\"color: #003366\"><a style=\"color: #003366\" href=\"https:\/\/dikcg.me\/wpold\/rozaje\/wp-content\/uploads\/sites\/5\/2020\/08\/Birac\u030cko-Mjesto-br.-9-Bas\u030cc\u030ca-3.pdf\">Rje\u0161enje o imenovanju bira\u010dkog odbora za izbor poslanika u Skup\u0161tinu Crne Gore<\/a>\r\n\r\n<\/span><\/pre>\n<\/li>\n<li style=\"text-align: left\">\n<pre><span style=\"color: #003366\"><a style=\"color: #003366\" href=\"https:\/\/dikcg.me\/wpold\/rozaje\/wp-content\/uploads\/sites\/5\/2020\/08\/Birac\u030cko-Mjesto-br.-10-Luc\u030cice-3.pdf\">Rje\u0161enje o imenovanju bira\u010dkog odbora za izbor poslanika u Skup\u0161tinu Crne Gore<\/a>\r\n\r\n<\/span><\/pre>\n<\/li>\n<li style=\"text-align: left\">\n<pre><span style=\"color: #003366\"><a style=\"color: #003366\" href=\"https:\/\/dikcg.me\/wpold\/rozaje\/wp-content\/uploads\/sites\/5\/2020\/08\/Birac\u030cko-Mjesto-br.-11-Bijela-Crkva-1.pdf\">Rje\u0161enje o imenovanju bira\u010dkog odbora za izbor poslanika u Skup\u0161tinu Crne Gore<\/a>\r\n\r\n<\/span><\/pre>\n<\/li>\n<li style=\"text-align: left\">\n<pre><span style=\"color: #003366\"><a style=\"color: #003366\" href=\"https:\/\/dikcg.me\/wpold\/rozaje\/wp-content\/uploads\/sites\/5\/2020\/08\/Birac\u030cko-Mjesto-br.-12-Bis\u030cevo-I-1.pdf\">Rje\u0161enje o imenovanju bira\u010dkog odbora za izbor poslanika u Skup\u0161tinu Crne Gore<\/a>\r\n\r\n<\/span><\/pre>\n<\/li>\n<li style=\"text-align: left\">\n<pre><span style=\"color: #003366\"><a style=\"color: #003366\" href=\"https:\/\/dikcg.me\/wpold\/rozaje\/wp-content\/uploads\/sites\/5\/2020\/08\/Birac\u030cko-Mjesto-br.-13-Bis\u030cevo-1.pdf\">Rje\u0161enje o imenovanju bira\u010dkog odbora za izbor poslanika u Skup\u0161tinu Crne Gore<\/a>\r\n\r\n<\/span><\/pre>\n<\/li>\n<li style=\"text-align: left\">\n<pre><span style=\"color: #003366\"><a style=\"color: #003366\" href=\"https:\/\/dikcg.me\/wpold\/rozaje\/wp-content\/uploads\/sites\/5\/2020\/08\/Birac\u030cko-Mjesto-br.-14-Radetina-1.pdf\">Rje\u0161enje o imenovanju bira\u010dkog odbora za izbor poslanika u Skup\u0161tinu Crne Gore<\/a>\r\n\r\n<\/span><\/pre>\n<\/li>\n<li style=\"text-align: left\">\n<pre><span style=\"color: #003366\"><a style=\"color: #003366\" href=\"https:\/\/dikcg.me\/wpold\/rozaje\/wp-content\/uploads\/sites\/5\/2020\/08\/Birac\u030cko-Mjesto-br.-15-Pauc\u030cina-1.pdf\">Rje\u0161enje o imenovanju bira\u010dkog odbora za izbor poslanika u Skup\u0161tinu Crne Gore<\/a>\r\n\r\n<\/span><\/pre>\n<\/li>\n<li style=\"text-align: left\">\n<pre><span style=\"color: #003366\"><a style=\"color: #003366\" href=\"https:\/\/dikcg.me\/wpold\/rozaje\/wp-content\/uploads\/sites\/5\/2020\/08\/Birac\u030cko-Mjesto-br.-16-Bukovica-1.pdf\">Rje\u0161enje o imenovanju bira\u010dkog odbora za izbor poslanika u Skup\u0161tinu Crne Gore<\/a>\r\n\r\n<\/span><\/pre>\n<\/li>\n<li style=\"text-align: left\">\n<pre><span style=\"color: #003366\"><a style=\"color: #003366\" href=\"https:\/\/dikcg.me\/wpold\/rozaje\/wp-content\/uploads\/sites\/5\/2020\/08\/Birac\u030cko-Mjesto-br.-17-Malindubrava-1.pdf\">Rje\u0161enje o imenovanju bira\u010dkog odbora za izbor poslanika u Skup\u0161tinu Crne Gore<\/a>\r\n\r\n<\/span><\/pre>\n<\/li>\n<li style=\"text-align: left\">\n<pre><span style=\"color: #003366\"><a style=\"color: #003366\" href=\"https:\/\/dikcg.me\/wpold\/rozaje\/wp-content\/uploads\/sites\/5\/2020\/08\/Birac\u030cko-Mjesto-br.-18-Bac\u0301-1.pdf\">Rje\u0161enje o imenovanju bira\u010dkog odbora za izbor poslanika u Skup\u0161tinu Crne Gore<\/a>\r\n\r\n<\/span><\/pre>\n<\/li>\n<li style=\"text-align: left\">\n<pre><span style=\"color: #003366\"><a style=\"color: #003366\" href=\"https:\/\/dikcg.me\/wpold\/rozaje\/wp-content\/uploads\/sites\/5\/2020\/08\/Birac\u030cko-Mjesto-br.-19-Jablanica-1.pdf\">Rje\u0161enje o imenovanju bira\u010dkog odbora za izbor poslanika u Skup\u0161tinu Crne Gore<\/a>\r\n\r\n<\/span><\/pre>\n<\/li>\n<li style=\"text-align: left\">\n<pre><span style=\"color: #003366\"><a style=\"color: #003366\" href=\"https:\/\/dikcg.me\/wpold\/rozaje\/wp-content\/uploads\/sites\/5\/2020\/08\/Birac\u030cko-Mjesto-br.-20-Besnik-1.pdf\">Rje\u0161enje o imenovanju bira\u010dkog odbora za izbor poslanika u Skup\u0161tinu Crne Gore<\/a>\r\n\r\n<\/span><\/pre>\n<\/li>\n<li style=\"text-align: left\">\n<pre><span style=\"color: #003366\"><a style=\"color: #003366\" href=\"https:\/\/dikcg.me\/wpold\/rozaje\/wp-content\/uploads\/sites\/5\/2020\/08\/Birac\u030cko-Mjesto-br.-21-Balotic\u0301e-1.pdf\">Rje\u0161enje o imenovanju bira\u010dkog odbora za izbor poslanika u Skup\u0161tinu Crne Gore<\/a>\r\n\r\n<\/span><\/pre>\n<\/li>\n<li style=\"text-align: left\">\n<pre><span style=\"color: #003366\"><a style=\"color: #003366\" href=\"https:\/\/dikcg.me\/wpold\/rozaje\/wp-content\/uploads\/sites\/5\/2020\/08\/Birac\u030cko-Mjesto-br.-22-Grahovo-1.pdf\">Rje\u0161enje o imenovanju bira\u010dkog odbora za izbor poslanika u Skup\u0161tinu Crne Gore<\/a>\r\n\r\n<\/span><\/pre>\n<\/li>\n<li style=\"text-align: left\">\n<pre><span style=\"color: #003366\"><a style=\"color: #003366\" href=\"https:\/\/dikcg.me\/wpold\/rozaje\/wp-content\/uploads\/sites\/5\/2020\/08\/Birac\u030cko-Mjesto-br.-23-Donja-Lovnica-1.pdf\">Rje\u0161enje o imenovanju bira\u010dkog odbora za izbor poslanika u Skup\u0161tinu Crne Gore<\/a>\r\n\r\n<\/span><\/pre>\n<\/li>\n<li style=\"text-align: left\">\n<pre><span style=\"color: #003366\"><a style=\"color: #003366\" href=\"https:\/\/dikcg.me\/wpold\/rozaje\/wp-content\/uploads\/sites\/5\/2020\/08\/Birac\u030cko-Mjesto-br.-24-C\u0301osovica-1.pdf\">Rje\u0161enje o imenovanju bira\u010dkog odbora za izbor poslanika u Skup\u0161tinu Crne Gore<\/a>\r\n\r\n<\/span><\/pre>\n<\/li>\n<li style=\"text-align: left\">\n<pre><span style=\"color: #003366\"><a style=\"color: #003366\" href=\"https:\/\/dikcg.me\/wpold\/rozaje\/wp-content\/uploads\/sites\/5\/2020\/08\/Birac\u030cko-Mjesto-br.-25-Sre\u0111ani-1.pdf\">Rje\u0161enje o imenovanju bira\u010dkog odbora za izbor poslanika u Skup\u0161tinu Crne Gore<\/a>\r\n\r\n<\/span><\/pre>\n<\/li>\n<li style=\"text-align: left\">\n<pre><span style=\"color: #003366\"><a style=\"color: #003366\" href=\"https:\/\/dikcg.me\/wpold\/rozaje\/wp-content\/uploads\/sites\/5\/2020\/08\/Birac\u030cko-Mjesto-br.-26-Njegus\u030c-1.pdf\">Rje\u0161enje o imenovanju bira\u010dkog odbora za izbor poslanika u Skup\u0161tinu Crne Gore<\/a>\r\n\r\n<\/span><\/pre>\n<\/li>\n<li style=\"text-align: left\">\n<pre><span style=\"color: #003366\"><a style=\"color: #003366\" href=\"https:\/\/dikcg.me\/wpold\/rozaje\/wp-content\/uploads\/sites\/5\/2020\/08\/Birac\u030cko-Mjesto-br.-27-Lijeva-obala-Ibra-II-1.pdf\">Rje\u0161enje o imenovanju bira\u010dkog odbora za izbor poslanika u Skup\u0161tinu Crne Gore<\/a>\r\n\r\n<\/span><\/pre>\n<\/li>\n<li style=\"text-align: left\">\n<pre><span style=\"color: #003366\"><a style=\"color: #003366\" href=\"https:\/\/dikcg.me\/wpold\/rozaje\/wp-content\/uploads\/sites\/5\/2020\/08\/Birac\u030cko-Mjesto-br.-28-Lijeva-obala-Ibra-III-1.pdf\">Rje\u0161enje o imenovanju bira\u010dkog odbora za izbor poslanika u Skup\u0161tinu Crne Gore<\/a>\r\n\r\n<\/span><\/pre>\n<\/li>\n<li style=\"text-align: left\">\n<pre><span style=\"color: #003366\"><a style=\"color: #003366\" href=\"https:\/\/dikcg.me\/wpold\/rozaje\/wp-content\/uploads\/sites\/5\/2020\/08\/Birac\u030cko-Mjesto-br.-29-Desana-obala-Ibra-III-1.pdf\">Rje\u0161enje o imenovanju bira\u010dkog odbora za izbor poslanika u Skup\u0161tinu Crne Gore<\/a>\r\n\r\n<\/span><\/pre>\n<\/li>\n<li style=\"text-align: left\">\n<pre><span style=\"color: #003366\"><a style=\"color: #003366\" href=\"https:\/\/dikcg.me\/wpold\/rozaje\/wp-content\/uploads\/sites\/5\/2020\/08\/Birac\u030cko-Mjesto-br.-30-Desna-obala-Ibra-V-1.pdf\">Rje\u0161enje o imenovanju bira\u010dkog odbora za izbor poslanika u Skup\u0161tinu Crne Gore<\/a>\r\n\r\n<\/span><\/pre>\n<\/li>\n<li style=\"text-align: left\">\n<pre><span style=\"color: #003366\"><a style=\"color: #003366\" href=\"https:\/\/dikcg.me\/wpold\/rozaje\/wp-content\/uploads\/sites\/5\/2020\/08\/Birac\u030cko-Mjesto-br.-31-Desna-obala-Ibra-V-1.pdf\">Rje\u0161enje o imenovanju bira\u010dkog odbora za izbor poslanika u Skup\u0161tinu Crne Gore<\/a>\r\n\r\n<\/span><\/pre>\n<\/li>\n<li style=\"text-align: left\">\n<pre><span style=\"color: #003366\"><a style=\"color: #003366\" href=\"https:\/\/dikcg.me\/wpold\/rozaje\/wp-content\/uploads\/sites\/5\/2020\/08\/Birac\u030cko-Mjesto-br.-32-Desna-obala-Ibra-VI-1.pdf\">Rje\u0161enje o imenovanju bira\u010dkog odbora za izbor poslanika u Skup\u0161tinu Crne Gore<\/a>\r\n\r\n<\/span><\/pre>\n<\/li>\n<li style=\"text-align: left\">\n<pre><span style=\"color: #003366\"><a style=\"color: #003366\" href=\"https:\/\/dikcg.me\/wpold\/rozaje\/wp-content\/uploads\/sites\/5\/2020\/08\/Birac\u030cko-Mjesto-br.-33-Ibarac-II-1.pdf\">Rje\u0161enje o imenovanju bira\u010dkog odbora za izbor poslanika u Skup\u0161tinu Crne Gore<\/a>\r\n\r\n<\/span><\/pre>\n<\/li>\n<li style=\"text-align: left\">\n<pre><span style=\"color: #003366\"><a style=\"color: #003366\" href=\"https:\/\/dikcg.me\/wpold\/rozaje\/wp-content\/uploads\/sites\/5\/2020\/08\/Birac\u030cko-Mjesto-br.-34-Ibarac-III-1.pdf\">Rje\u0161enje o imenovanju bira\u010dkog odbora za izbor poslanika u Skup\u0161tinu Crne Gore<\/a>\r\n\r\n<\/span><\/pre>\n<\/li>\n<li style=\"text-align: left\">\n<pre><span style=\"color: #003366\"><a style=\"color: #003366\" href=\"https:\/\/dikcg.me\/wpold\/rozaje\/wp-content\/uploads\/sites\/5\/2020\/08\/Birac\u030cko-Mjesto-br.-35-Bis\u030cevo-II-1.pdf\">Rje\u0161enje o imenovanju bira\u010dkog odbora za izbor poslanika u Skup\u0161tinu Crne Gore<\/a>\r\n\r\n<\/span><\/pre>\n<\/li>\n<li style=\"text-align: left\">\n<pre><span style=\"color: #003366\"><a style=\"color: #003366\" href=\"https:\/\/dikcg.me\/wpold\/rozaje\/wp-content\/uploads\/sites\/5\/2020\/08\/Birac\u030cko-Mjesto-br.-36-Drac\u030cenovac-1.pdf\">Rje\u0161enje o imenovanju bira\u010dkog odbora za izbor poslanika u Skup\u0161tinu Crne Gore<\/a>\r\n\r\n<\/span><\/pre>\n<\/li>\n<li style=\"text-align: left\">\n<pre><span style=\"color: #003366\"><a style=\"color: #003366\" href=\"https:\/\/dikcg.me\/wpold\/rozaje\/wp-content\/uploads\/sites\/5\/2020\/08\/Birac\u030cko-Mjesto-br.-37-Lijeva-obala-Ibra-IV-1.pdf\">Rje\u0161enje o imenovanju bira\u010dkog odbora za izbor poslanika u Skup\u0161tinu Crne Gore<\/a>\r\n\r\n<\/span><\/pre>\n<\/li>\n<li style=\"text-align: left\">\n<pre><span style=\"color: #003366\"><a style=\"color: #003366\" href=\"https:\/\/dikcg.me\/wpold\/rozaje\/wp-content\/uploads\/sites\/5\/2020\/08\/Birac\u030cko-Mjesto-br.-38-Desna-obala-Ibra-VII-1.pdf\">Rje\u0161enje o imenovanju bira\u010dkog odbora za izbor poslanika u Skup\u0161tinu Crne Gore<\/a>\r\n\r\n<\/span><\/pre>\n<\/li>\n<li style=\"text-align: left\">\n<pre><span style=\"color: #003366\"><a style=\"color: #003366\" href=\"https:\/\/dikcg.me\/wpold\/rozaje\/wp-content\/uploads\/sites\/5\/2020\/08\/Birac\u030cko-Mjesto-br.-39-Desna-obala-Ibra-VIII-1.pdf\">Rje\u0161enje o imenovanju bira\u010dkog odbora za izbor poslanika u Skup\u0161tinu Crne Gore<\/a>\r\n\r\n<\/span><\/pre>\n<\/li>\n<li style=\"text-align: left\">\n<pre><span style=\"color: #003366\"><a style=\"color: #003366\" href=\"https:\/\/dikcg.me\/wpold\/rozaje\/wp-content\/uploads\/sites\/5\/2020\/08\/Birac\u030cko-Mjesto-br.-40-Crnc\u030ca-1.pdf\">Rje\u0161enje o imenovanju bira\u010dkog odbora za izbor poslanika u Skup\u0161tinu Crne Gore<\/a>\r\n\r\n<\/span><\/pre>\n<\/li>\n<li style=\"text-align: left\">\n<pre><span style=\"color: #003366\"><a style=\"color: #003366\" href=\"https:\/\/dikcg.me\/wpold\/rozaje\/wp-content\/uploads\/sites\/5\/2020\/08\/Birac\u030cko-Mjesto-br.-41-Desna-obala-Ibra-IX-1.pdf\">Rje\u0161enje o imenovanju bira\u010dkog odbora za izbor poslanika u Skup\u0161tinu Crne Gore<\/a>\r\n\r\n<\/span><\/pre>\n<\/li>\n<li style=\"text-align: left\">\n<pre><span style=\"color: #003366\"><a style=\"color: #003366\" href=\"https:\/\/dikcg.me\/wpold\/rozaje\/wp-content\/uploads\/sites\/5\/2020\/08\/Birac\u030cko-Mjesto-br.-42-Ibarac-IV-1.pdf\">Rje\u0161enje o imenovanju bira\u010dkog odbora za izbor poslanika u Skup\u0161tinu Crne Gore<\/a>\r\n\r\n<\/span><\/pre>\n<\/li>\n<li style=\"text-align: left\">\n<pre><span style=\"color: #003366\"><a style=\"color: #003366\" href=\"https:\/\/dikcg.me\/wpold\/rozaje\/wp-content\/uploads\/sites\/5\/2020\/08\/Birac\u030cko-Mjesto-br.-43-Lijeva-obala-Ibra-V-1.pdf\">Rje\u0161enje o imenovanju bira\u010dkog odbora za izbor poslanika u Skup\u0161tinu Crne Gore<\/a>\r\n\r\n<\/span><\/pre>\n<\/li>\n<li>\n<pre style=\"text-align: left\"><span style=\"color: #003366\"><a style=\"color: #003366\" href=\"https:\/\/dikcg.me\/wpold\/rozaje\/wp-content\/uploads\/sites\/5\/2020\/08\/Birac\u030cko-Mjesto-br.-44-Gusnice-1.pdf\">Rje\u0161enje o imenovanju bira\u010dkog odbora za izbor poslanika u Skup\u0161tinu Crne Gore<\/a><\/span><\/pre>\n<\/li>\n<\/ol>\n","protected":false},"excerpt":{"rendered":"Rje\u0161enje o imenovanju bira\u010dkog odbora za izbor poslanika u Skup\u0161tinu Crne Gore Rje\u0161enje o imenovanju bira\u010dkog odbora za izbor poslanika u Skup\u0161tinu Crne Gore Rje\u0161enje o imenovanju bira\u010dkog odbora za izbor poslanika u Skup\u0161tinu Crne Gore Rje\u0161enje o imenovanju bira\u010dkog odbora za izbor poslanika u Skup\u0161tinu Crne Gore Rje\u0161enje o imenovanju bira\u010dkog odbora za izbor&#8230; <a href=\"https:\/\/dikcg.me\/wpold\/rozaje\/rjesenje-o-imenovanju-birackog-odbora-za-izbor-poslanika-u-skupstinu-crne-gore\/\">Read more <i class=\"fas fa-angle-right\"><\/i><\/a>","protected":false},"author":78,"featured_media":0,"comment_status":"closed","ping_status":"closed","sticky":false,"template":"","format":"standard","meta":{"footnotes":""},"categories":[173],"tags":[],"_links":{"self":[{"href":"https:\/\/dikcg.me\/wpold\/rozaje\/wp-json\/wp\/v2\/posts\/867"}],"collection":[{"href":"https:\/\/dikcg.me\/wpold\/rozaje\/wp-json\/wp\/v2\/posts"}],"about":[{"href":"https:\/\/dikcg.me\/wpold\/rozaje\/wp-json\/wp\/v2\/types\/post"}],"author":[{"embeddable":true,"href":"https:\/\/dikcg.me\/wpold\/rozaje\/wp-json\/wp\/v2\/users\/78"}],"replies":[{"embeddable":true,"href":"https:\/\/dikcg.me\/wpold\/rozaje\/wp-json\/wp\/v2\/comments?post=867"}],"version-history":[{"count":9,"href":"https:\/\/dikcg.me\/wpold\/rozaje\/wp-json\/wp\/v2\/posts\/867\/revisions"}],"predecessor-version":[{"id":1120,"href":"https:\/\/dikcg.me\/wpold\/rozaje\/wp-json\/wp\/v2\/posts\/867\/revisions\/1120"}],"wp:attachment":[{"href":"https:\/\/dikcg.me\/wpold\/rozaje\/wp-json\/wp\/v2\/media?parent=867"}],"wp:term":[{"taxonomy":"category","embeddable":true,"href":"https:\/\/dikcg.me\/wpold\/rozaje\/wp-json\/wp\/v2\/categories?post=867"},{"taxonomy":"post_tag","embeddable":true,"href":"https:\/\/dikcg.me\/wpold\/rozaje\/wp-json\/wp\/v2\/tags?post=867"}],"curies":[{"name":"wp","href":"https:\/\/api.w.org\/{rel}","templated":true}]}}