{"id":1489,"date":"2023-03-17T00:26:34","date_gmt":"2023-03-16T23:26:34","guid":{"rendered":"https:\/\/rozaje.dik.co.me\/?p=1489"},"modified":"2023-03-17T00:26:34","modified_gmt":"2023-03-16T23:26:34","slug":"zakljucak-za-prosireni-sastav-oik-rozaje-kandidata-za-predsjednika-crne-gore-andrije-mandica","status":"publish","type":"post","link":"https:\/\/dikcg.me\/wpold\/rozaje\/zakljucak-za-prosireni-sastav-oik-rozaje-kandidata-za-predsjednika-crne-gore-andrije-mandica\/","title":{"rendered":"Zaklju\u010dak za pro\u0161ireni sastav Oik Rozaje kandidata za Predsjednika Crne Gore Andrije Mandi\u0107a"},"content":{"rendered":"","protected":false},"excerpt":{"rendered":"","protected":false},"author":78,"featured_media":0,"comment_status":"closed","ping_status":"closed","sticky":false,"template":"","format":"standard","meta":{"footnotes":""},"categories":[175,161],"tags":[],"_links":{"self":[{"href":"https:\/\/dikcg.me\/wpold\/rozaje\/wp-json\/wp\/v2\/posts\/1489"}],"collection":[{"href":"https:\/\/dikcg.me\/wpold\/rozaje\/wp-json\/wp\/v2\/posts"}],"about":[{"href":"https:\/\/dikcg.me\/wpold\/rozaje\/wp-json\/wp\/v2\/types\/post"}],"author":[{"embeddable":true,"href":"https:\/\/dikcg.me\/wpold\/rozaje\/wp-json\/wp\/v2\/users\/78"}],"replies":[{"embeddable":true,"href":"https:\/\/dikcg.me\/wpold\/rozaje\/wp-json\/wp\/v2\/comments?post=1489"}],"version-history":[{"count":2,"href":"https:\/\/dikcg.me\/wpold\/rozaje\/wp-json\/wp\/v2\/posts\/1489\/revisions"}],"predecessor-version":[{"id":1493,"href":"https:\/\/dikcg.me\/wpold\/rozaje\/wp-json\/wp\/v2\/posts\/1489\/revisions\/1493"}],"wp:attachment":[{"href":"https:\/\/dikcg.me\/wpold\/rozaje\/wp-json\/wp\/v2\/media?parent=1489"}],"wp:term":[{"taxonomy":"category","embeddable":true,"href":"https:\/\/dikcg.me\/wpold\/rozaje\/wp-json\/wp\/v2\/categories?post=1489"},{"taxonomy":"post_tag","embeddable":true,"href":"https:\/\/dikcg.me\/wpold\/rozaje\/wp-json\/wp\/v2\/tags?post=1489"}],"curies":[{"name":"wp","href":"https:\/\/api.w.org\/{rel}","templated":true}]}}