{"id":1173,"date":"2022-09-24T15:07:22","date_gmt":"2022-09-24T14:07:22","guid":{"rendered":"https:\/\/rozaje.dik.co.me\/?p=1173"},"modified":"2022-09-26T20:55:57","modified_gmt":"2022-09-26T19:55:57","slug":"rjesenje-o-proglasenju-izborne-liste-dr-dritan-abazovic-moze-rozaje-moze-crna-gora-gradanski-pokret-ura","status":"publish","type":"post","link":"https:\/\/dikcg.me\/wpold\/rozaje\/rjesenje-o-proglasenju-izborne-liste-dr-dritan-abazovic-moze-rozaje-moze-crna-gora-gradanski-pokret-ura\/","title":{"rendered":"Rje\u0161enje o progla\u0161enju izborne liste &#8220;dr Dritan Abazovic -Moze Rozaje! Moze Crna Gora! Gra\u0111anski pokret Ura!&#8221;"},"content":{"rendered":"","protected":false},"excerpt":{"rendered":"","protected":false},"author":78,"featured_media":0,"comment_status":"closed","ping_status":"closed","sticky":false,"template":"","format":"standard","meta":{"footnotes":""},"categories":[174],"tags":[],"_links":{"self":[{"href":"https:\/\/dikcg.me\/wpold\/rozaje\/wp-json\/wp\/v2\/posts\/1173"}],"collection":[{"href":"https:\/\/dikcg.me\/wpold\/rozaje\/wp-json\/wp\/v2\/posts"}],"about":[{"href":"https:\/\/dikcg.me\/wpold\/rozaje\/wp-json\/wp\/v2\/types\/post"}],"author":[{"embeddable":true,"href":"https:\/\/dikcg.me\/wpold\/rozaje\/wp-json\/wp\/v2\/users\/78"}],"replies":[{"embeddable":true,"href":"https:\/\/dikcg.me\/wpold\/rozaje\/wp-json\/wp\/v2\/comments?post=1173"}],"version-history":[{"count":1,"href":"https:\/\/dikcg.me\/wpold\/rozaje\/wp-json\/wp\/v2\/posts\/1173\/revisions"}],"predecessor-version":[{"id":1176,"href":"https:\/\/dikcg.me\/wpold\/rozaje\/wp-json\/wp\/v2\/posts\/1173\/revisions\/1176"}],"wp:attachment":[{"href":"https:\/\/dikcg.me\/wpold\/rozaje\/wp-json\/wp\/v2\/media?parent=1173"}],"wp:term":[{"taxonomy":"category","embeddable":true,"href":"https:\/\/dikcg.me\/wpold\/rozaje\/wp-json\/wp\/v2\/categories?post=1173"},{"taxonomy":"post_tag","embeddable":true,"href":"https:\/\/dikcg.me\/wpold\/rozaje\/wp-json\/wp\/v2\/tags?post=1173"}],"curies":[{"name":"wp","href":"https:\/\/api.w.org\/{rel}","templated":true}]}}