{"id":926,"date":"2020-08-16T21:54:53","date_gmt":"2020-08-16T20:54:53","guid":{"rendered":"https:\/\/podgorica.dik.co.me\/?p=926"},"modified":"2020-08-16T21:54:53","modified_gmt":"2020-08-16T20:54:53","slug":"izvjestaj-tabelarni-prikaz-zrijebanja-predsjednika-birackih-odbora","status":"publish","type":"post","link":"https:\/\/dikcg.me\/wpold\/podgorica\/izvjestaj-tabelarni-prikaz-zrijebanja-predsjednika-birackih-odbora\/","title":{"rendered":"Izvje\u0161taj (tabelarni prikaz) \u017erijebanja predsjednika bira\u010dkih odbora"},"content":{"rendered":"","protected":false},"excerpt":{"rendered":"","protected":false},"author":77,"featured_media":0,"comment_status":"closed","ping_status":"closed","sticky":false,"template":"","format":"standard","meta":{"footnotes":""},"categories":[162],"tags":[],"_links":{"self":[{"href":"https:\/\/dikcg.me\/wpold\/podgorica\/wp-json\/wp\/v2\/posts\/926"}],"collection":[{"href":"https:\/\/dikcg.me\/wpold\/podgorica\/wp-json\/wp\/v2\/posts"}],"about":[{"href":"https:\/\/dikcg.me\/wpold\/podgorica\/wp-json\/wp\/v2\/types\/post"}],"author":[{"embeddable":true,"href":"https:\/\/dikcg.me\/wpold\/podgorica\/wp-json\/wp\/v2\/users\/77"}],"replies":[{"embeddable":true,"href":"https:\/\/dikcg.me\/wpold\/podgorica\/wp-json\/wp\/v2\/comments?post=926"}],"version-history":[{"count":1,"href":"https:\/\/dikcg.me\/wpold\/podgorica\/wp-json\/wp\/v2\/posts\/926\/revisions"}],"predecessor-version":[{"id":929,"href":"https:\/\/dikcg.me\/wpold\/podgorica\/wp-json\/wp\/v2\/posts\/926\/revisions\/929"}],"wp:attachment":[{"href":"https:\/\/dikcg.me\/wpold\/podgorica\/wp-json\/wp\/v2\/media?parent=926"}],"wp:term":[{"taxonomy":"category","embeddable":true,"href":"https:\/\/dikcg.me\/wpold\/podgorica\/wp-json\/wp\/v2\/categories?post=926"},{"taxonomy":"post_tag","embeddable":true,"href":"https:\/\/dikcg.me\/wpold\/podgorica\/wp-json\/wp\/v2\/tags?post=926"}],"curies":[{"name":"wp","href":"https:\/\/api.w.org\/{rel}","templated":true}]}}