{"id":862,"date":"2020-06-23T17:15:29","date_gmt":"2020-06-23T16:15:29","guid":{"rendered":"http:\/\/podgorica.dik.co.me\/?p=862"},"modified":"2020-08-09T10:47:10","modified_gmt":"2020-08-09T09:47:10","slug":"kalendar","status":"publish","type":"post","link":"https:\/\/dikcg.me\/wpold\/podgorica\/kalendar\/","title":{"rendered":"Kalendar"},"content":{"rendered":"<p style=\"text-align: center\">Na osnovu \u010dlana 13 stav 2 Zakona o izboru odbornika i poslanika (\u201eSlu\u017ebeni list RCG\u201c,<\/p>\n<p style=\"text-align: center\">br. 04\/98, 05\/98, 17\/98, 14\/00, 18\/00, 073\/00, 009\/01, 041\/02, 046\/02, 045\/04,<\/p>\n<p style=\"text-align: center\">048\/06, 056\/06 i \u201eSlu\u017ebeni list CG\u201c, br. 046\/11, 014\/14, 047\/14, 012\/16, 060\/17 i 010\/18),<\/p>\n<p style=\"text-align: center\">Izborna komisija Glavnog grada,\u00a0 utvr\u0111uje:<\/p>\n<p style=\"text-align: center\">IZBORNI KALENDAR<\/p>\n<p style=\"text-align: center\">ZA SPROVO\u0110ENJE IZBORNIH RADNJI ZA IZBORE<\/p>\n<p style=\"text-align: center\">KOJI \u0106E SE ODR\u017dATI 30.avgusta 2020. godine<\/p>\n","protected":false},"excerpt":{"rendered":"Na osnovu \u010dlana 13 stav 2 Zakona o izboru odbornika i poslanika (\u201eSlu\u017ebeni list RCG\u201c, br. 04\/98, 05\/98, 17\/98, 14\/00, 18\/00, 073\/00, 009\/01, 041\/02, 046\/02, 045\/04, 048\/06, 056\/06 i \u201eSlu\u017ebeni list CG\u201c, br. 046\/11, 014\/14, 047\/14, 012\/16, 060\/17 i 010\/18), Izborna komisija Glavnog grada,\u00a0 utvr\u0111uje: IZBORNI KALENDAR ZA SPROVO\u0110ENJE IZBORNIH RADNJI ZA IZBORE KOJI \u0106E&#8230; <a href=\"https:\/\/dikcg.me\/wpold\/podgorica\/kalendar\/\">Read more <i class=\"fas fa-angle-right\"><\/i><\/a>","protected":false},"author":77,"featured_media":0,"comment_status":"closed","ping_status":"closed","sticky":false,"template":"","format":"standard","meta":{"footnotes":""},"categories":[162],"tags":[165],"_links":{"self":[{"href":"https:\/\/dikcg.me\/wpold\/podgorica\/wp-json\/wp\/v2\/posts\/862"}],"collection":[{"href":"https:\/\/dikcg.me\/wpold\/podgorica\/wp-json\/wp\/v2\/posts"}],"about":[{"href":"https:\/\/dikcg.me\/wpold\/podgorica\/wp-json\/wp\/v2\/types\/post"}],"author":[{"embeddable":true,"href":"https:\/\/dikcg.me\/wpold\/podgorica\/wp-json\/wp\/v2\/users\/77"}],"replies":[{"embeddable":true,"href":"https:\/\/dikcg.me\/wpold\/podgorica\/wp-json\/wp\/v2\/comments?post=862"}],"version-history":[{"count":1,"href":"https:\/\/dikcg.me\/wpold\/podgorica\/wp-json\/wp\/v2\/posts\/862\/revisions"}],"predecessor-version":[{"id":865,"href":"https:\/\/dikcg.me\/wpold\/podgorica\/wp-json\/wp\/v2\/posts\/862\/revisions\/865"}],"wp:attachment":[{"href":"https:\/\/dikcg.me\/wpold\/podgorica\/wp-json\/wp\/v2\/media?parent=862"}],"wp:term":[{"taxonomy":"category","embeddable":true,"href":"https:\/\/dikcg.me\/wpold\/podgorica\/wp-json\/wp\/v2\/categories?post=862"},{"taxonomy":"post_tag","embeddable":true,"href":"https:\/\/dikcg.me\/wpold\/podgorica\/wp-json\/wp\/v2\/tags?post=862"}],"curies":[{"name":"wp","href":"https:\/\/api.w.org\/{rel}","templated":true}]}}