{"id":667,"date":"2012-10-01T10:34:23","date_gmt":"2012-10-01T09:34:23","guid":{"rendered":"http:\/\/podgorica.dik.co.me\/?p=667\/"},"modified":"2020-07-31T09:44:20","modified_gmt":"2020-07-31T08:44:20","slug":"sastav-izborne-komisije-glavnog-grada","status":"publish","type":"post","link":"https:\/\/dikcg.me\/wpold\/podgorica\/sastav-izborne-komisije-glavnog-grada\/","title":{"rendered":"Sastav Izborne komisije Glavnog grada"},"content":{"rendered":"<p><strong>Sr\u0111an RAI\u010cEVI\u0106<\/strong>, predsjednik<\/p>\n<p><strong>Vladimir \u010cA\u0110ENOVI\u0106<\/strong>, sekretar<\/p>\n<ol>\n<li><strong>\u017deljko VUKOVI\u0106<\/strong>, \u010dlan<\/li>\n<li><strong>Mi\u0161ela MANOJLOVI\u0106<\/strong>, \u010dlan<\/li>\n<li><strong>Svetlana ULI\u0106<\/strong>, \u010dlan<\/li>\n<li><strong>Marica BABOVI\u0106<\/strong>, \u010dlan<\/li>\n<li><strong>Radosav JOKI\u0106<\/strong>, \u010dlan<\/li>\n<\/ol>\n","protected":false},"excerpt":{"rendered":"Sr\u0111an RAI\u010cEVI\u0106, predsjednik Vladimir \u010cA\u0110ENOVI\u0106, sekretar \u017deljko VUKOVI\u0106, \u010dlan Mi\u0161ela MANOJLOVI\u0106, \u010dlan Svetlana ULI\u0106, \u010dlan Marica BABOVI\u0106, \u010dlan Radosav JOKI\u0106, \u010dlan","protected":false},"author":56,"featured_media":0,"comment_status":"closed","ping_status":"closed","sticky":false,"template":"","format":"standard","meta":{"footnotes":""},"categories":[104],"tags":[],"_links":{"self":[{"href":"https:\/\/dikcg.me\/wpold\/podgorica\/wp-json\/wp\/v2\/posts\/667"}],"collection":[{"href":"https:\/\/dikcg.me\/wpold\/podgorica\/wp-json\/wp\/v2\/posts"}],"about":[{"href":"https:\/\/dikcg.me\/wpold\/podgorica\/wp-json\/wp\/v2\/types\/post"}],"author":[{"embeddable":true,"href":"https:\/\/dikcg.me\/wpold\/podgorica\/wp-json\/wp\/v2\/users\/56"}],"replies":[{"embeddable":true,"href":"https:\/\/dikcg.me\/wpold\/podgorica\/wp-json\/wp\/v2\/comments?post=667"}],"version-history":[{"count":1,"href":"https:\/\/dikcg.me\/wpold\/podgorica\/wp-json\/wp\/v2\/posts\/667\/revisions"}],"predecessor-version":[{"id":670,"href":"https:\/\/dikcg.me\/wpold\/podgorica\/wp-json\/wp\/v2\/posts\/667\/revisions\/670"}],"wp:attachment":[{"href":"https:\/\/dikcg.me\/wpold\/podgorica\/wp-json\/wp\/v2\/media?parent=667"}],"wp:term":[{"taxonomy":"category","embeddable":true,"href":"https:\/\/dikcg.me\/wpold\/podgorica\/wp-json\/wp\/v2\/categories?post=667"},{"taxonomy":"post_tag","embeddable":true,"href":"https:\/\/dikcg.me\/wpold\/podgorica\/wp-json\/wp\/v2\/tags?post=667"}],"curies":[{"name":"wp","href":"https:\/\/api.w.org\/{rel}","templated":true}]}}