{"id":1457,"date":"2023-05-18T17:34:17","date_gmt":"2023-05-18T16:34:17","guid":{"rendered":"https:\/\/podgorica.dik.co.me\/?p=1457"},"modified":"2023-05-18T17:34:17","modified_gmt":"2023-05-18T16:34:17","slug":"rjesenje-o-odredivanju-birackih-mjesta-6","status":"publish","type":"post","link":"https:\/\/dikcg.me\/wpold\/podgorica\/rjesenje-o-odredivanju-birackih-mjesta-6\/","title":{"rendered":"Rje\u0161enje o odre\u0111ivanju bira\u010dkih mjesta"},"content":{"rendered":"<p>za vanredne parlamentarne izbore zakazane za 11.06.2023 godine<\/p>\n","protected":false},"excerpt":{"rendered":"za vanredne parlamentarne izbore zakazane za 11.06.2023 godine","protected":false},"author":77,"featured_media":0,"comment_status":"closed","ping_status":"closed","sticky":false,"template":"","format":"standard","meta":{"footnotes":""},"categories":[172],"tags":[],"_links":{"self":[{"href":"https:\/\/dikcg.me\/wpold\/podgorica\/wp-json\/wp\/v2\/posts\/1457"}],"collection":[{"href":"https:\/\/dikcg.me\/wpold\/podgorica\/wp-json\/wp\/v2\/posts"}],"about":[{"href":"https:\/\/dikcg.me\/wpold\/podgorica\/wp-json\/wp\/v2\/types\/post"}],"author":[{"embeddable":true,"href":"https:\/\/dikcg.me\/wpold\/podgorica\/wp-json\/wp\/v2\/users\/77"}],"replies":[{"embeddable":true,"href":"https:\/\/dikcg.me\/wpold\/podgorica\/wp-json\/wp\/v2\/comments?post=1457"}],"version-history":[{"count":1,"href":"https:\/\/dikcg.me\/wpold\/podgorica\/wp-json\/wp\/v2\/posts\/1457\/revisions"}],"predecessor-version":[{"id":1459,"href":"https:\/\/dikcg.me\/wpold\/podgorica\/wp-json\/wp\/v2\/posts\/1457\/revisions\/1459"}],"wp:attachment":[{"href":"https:\/\/dikcg.me\/wpold\/podgorica\/wp-json\/wp\/v2\/media?parent=1457"}],"wp:term":[{"taxonomy":"category","embeddable":true,"href":"https:\/\/dikcg.me\/wpold\/podgorica\/wp-json\/wp\/v2\/categories?post=1457"},{"taxonomy":"post_tag","embeddable":true,"href":"https:\/\/dikcg.me\/wpold\/podgorica\/wp-json\/wp\/v2\/tags?post=1457"}],"curies":[{"name":"wp","href":"https:\/\/api.w.org\/{rel}","templated":true}]}}