{"id":1421,"date":"2023-03-23T17:18:34","date_gmt":"2023-03-23T16:18:34","guid":{"rendered":"https:\/\/podgorica.dik.co.me\/?p=1421"},"modified":"2023-03-23T17:18:34","modified_gmt":"2023-03-23T16:18:34","slug":"rezultati-po-birackim-mjestima","status":"publish","type":"post","link":"https:\/\/dikcg.me\/wpold\/podgorica\/rezultati-po-birackim-mjestima\/","title":{"rendered":"REZULTATI PO BIRA\u010cKIM MJESTIMA"},"content":{"rendered":"<p style=\"text-align: center\">ZA PREDSJEDNI\u010cKE IZBORE ODR\u017dANE 19.03.2023 GODINE ZA BIRA\u010cKA MJESTA<\/p>\n<p style=\"text-align: center\">NA TERITORIJI GLAVNOG GRADA PODGORICE<\/p>\n","protected":false},"excerpt":{"rendered":"ZA PREDSJEDNI\u010cKE IZBORE ODR\u017dANE 19.03.2023 GODINE ZA BIRA\u010cKA MJESTA NA TERITORIJI GLAVNOG GRADA PODGORICE","protected":false},"author":77,"featured_media":0,"comment_status":"closed","ping_status":"closed","sticky":false,"template":"","format":"standard","meta":{"footnotes":""},"categories":[171],"tags":[],"_links":{"self":[{"href":"https:\/\/dikcg.me\/wpold\/podgorica\/wp-json\/wp\/v2\/posts\/1421"}],"collection":[{"href":"https:\/\/dikcg.me\/wpold\/podgorica\/wp-json\/wp\/v2\/posts"}],"about":[{"href":"https:\/\/dikcg.me\/wpold\/podgorica\/wp-json\/wp\/v2\/types\/post"}],"author":[{"embeddable":true,"href":"https:\/\/dikcg.me\/wpold\/podgorica\/wp-json\/wp\/v2\/users\/77"}],"replies":[{"embeddable":true,"href":"https:\/\/dikcg.me\/wpold\/podgorica\/wp-json\/wp\/v2\/comments?post=1421"}],"version-history":[{"count":1,"href":"https:\/\/dikcg.me\/wpold\/podgorica\/wp-json\/wp\/v2\/posts\/1421\/revisions"}],"predecessor-version":[{"id":1423,"href":"https:\/\/dikcg.me\/wpold\/podgorica\/wp-json\/wp\/v2\/posts\/1421\/revisions\/1423"}],"wp:attachment":[{"href":"https:\/\/dikcg.me\/wpold\/podgorica\/wp-json\/wp\/v2\/media?parent=1421"}],"wp:term":[{"taxonomy":"category","embeddable":true,"href":"https:\/\/dikcg.me\/wpold\/podgorica\/wp-json\/wp\/v2\/categories?post=1421"},{"taxonomy":"post_tag","embeddable":true,"href":"https:\/\/dikcg.me\/wpold\/podgorica\/wp-json\/wp\/v2\/tags?post=1421"}],"curies":[{"name":"wp","href":"https:\/\/api.w.org\/{rel}","templated":true}]}}